{"id":57357,"date":"2024-08-07T15:40:23","date_gmt":"2024-08-07T21:40:23","guid":{"rendered":"https:\/\/encuentroinformativo.com.mx\/?p=57357"},"modified":"2024-08-07T15:40:28","modified_gmt":"2024-08-07T21:40:28","slug":"realizaran-mastografias-gratuitas-en-dif-municipal","status":"publish","type":"post","link":"https:\/\/encuentroinformativo.com.mx\/?p=57357","title":{"rendered":"Realizar\u00e1n mastograf\u00edas gratuitas en DIF municipal"},"content":{"rendered":"\n<p><strong>Dar\u00edo Pale <\/strong><\/p>\n\n\n\n<p>Xalapa, Ver.- Est\u00e1 abierto el proceso de registro para las jornadas de mastograf\u00edas gratuitas que se realizar\u00e1n el 28 y 29 de agosto en coordinaci\u00f3n con autoridades de la Secretar\u00eda de Salud (SS), as\u00ed lo informo la jefa del Departamento de Asistencia Social del DIF Municipal de Xalapa, Mar\u00eda Luisa S\u00e1nchez Murrieta.<\/p>\n\n\n\n<p>En entrevista se\u00f1al\u00f3 que se atender\u00e1 a mujeres de 40 a 69 a\u00f1os, como una m\u00e1s de las acciones preventivas que se llevan a cabo en contra del c\u00e1ncer de mama; se ofrecer\u00e1n 120 citas.<\/p>\n\n\n\n<p>\u201cEsta jornada ser\u00e1 en las instalaciones del DIF Municipal, en el M\u00f3dulo de Atenci\u00f3n Especial a la Mujer (&#8230;), este a\u00f1o nuestras primeras jornadas ser\u00e1n justamente este 27 y 28 de agosto de 8:00 a 14:00 horas\u201d, se\u00f1al\u00f3.<\/p>\n\n\n\n<p>Explic\u00f3 que son jornadas gratuitas y conllevan un seguimiento de atenci\u00f3n posterior a los ex\u00e1menes cl\u00ednicos.\u00a0<\/p>\n\n\n\n<p>S\u00e1nchez Murrieta, agreg\u00f3 que es necesario acudir con la higiene necesaria, \u201cba\u00f1adas con jab\u00f3n neutro, axilas afeitadas y sin desodorante, talco o crema, sin alhajas\u201d.<\/p>\n\n\n\n<p>La cita se solicita al n\u00famero telef\u00f3nico: 2283676325, extensi\u00f3n 112; para el d\u00eda asignado tienen que presentarse con identificaci\u00f3n oficial, la CURP y la cartilla de vacunaci\u00f3n, en caso de tenerla.<\/p>\n\n\n\n<p>&#8220;Adem\u00e1s de la mastograf\u00eda, se trabajar\u00e1 en otras detecciones, todas dirigidas a su cuidado y a la prevenci\u00f3n\u201d, coment\u00f3.<\/p>\n\n\n\n<p>Asimismo, refiri\u00f3 que los estudios est\u00e1n a cargo de especialistas de la Secretar\u00eda de Salud, \u201cse los llevan para la valoraci\u00f3n y posteriormente nos emiten un reporte\u201d.<\/p>\n\n\n\n<p>\u201cLos recibimos posterior a las 4 o 6 semanas y seguimos en contacto con las usuarias para darles sus resultados de manera personal y darles la continuidad de la consulta conforme sea necesario\u201d, dijo en entrevista.<\/p>\n\n\n\n<p>En ese sentido, dio a conocer que con base en experiencias en otras jornadas, se lograron detecciones oportunas otorg\u00e1ndose la atenci\u00f3n inmediata.<\/p>\n\n\n\n<p>Por \u00faltimo comento que, &#8220;en los \u00faltimos dos a\u00f1os hemos tenido la oportunidad de detectar dos casos con estadio algo avanzado, pero que afortunadamente hemos intervenido a tiempo y las pacientes han estado en tratamiento y hemos logrado su recuperaci\u00f3n\u201d.<\/p>\n","protected":false},"excerpt":{"rendered":"<p>Dar\u00edo Pale Xalapa, Ver.- Est\u00e1 abierto el proceso de registro para las jornadas de mastograf\u00edas gratuitas que se realizar\u00e1n el 28 y 29 de agosto en coordinaci\u00f3n con autoridades de la Secretar\u00eda de Salud (SS), as\u00ed lo informo la jefa del Departamento de Asistencia Social del DIF Municipal de Xalapa, Mar\u00eda Luisa S\u00e1nchez Murrieta. En [&hellip;]<\/p>\n","protected":false},"author":2476,"featured_media":57358,"comment_status":"open","ping_status":"open","sticky":false,"template":"","format":"standard","meta":{"_jetpack_memberships_contains_paid_content":false,"footnotes":""},"categories":[9],"tags":[],"class_list":["post-57357","post","type-post","status-publish","format-standard","has-post-thumbnail","hentry","category-salud"],"jetpack_featured_media_url":"https:\/\/encuentroinformativo.com.mx\/wp-content\/uploads\/2024\/08\/IMG-20240807-WA0022.jpg","jetpack_sharing_enabled":true,"jetpack_likes_enabled":true,"amp_enabled":true,"_links":{"self":[{"href":"https:\/\/encuentroinformativo.com.mx\/index.php?rest_route=\/wp\/v2\/posts\/57357","targetHints":{"allow":["GET"]}}],"collection":[{"href":"https:\/\/encuentroinformativo.com.mx\/index.php?rest_route=\/wp\/v2\/posts"}],"about":[{"href":"https:\/\/encuentroinformativo.com.mx\/index.php?rest_route=\/wp\/v2\/types\/post"}],"author":[{"embeddable":true,"href":"https:\/\/encuentroinformativo.com.mx\/index.php?rest_route=\/wp\/v2\/users\/2476"}],"replies":[{"embeddable":true,"href":"https:\/\/encuentroinformativo.com.mx\/index.php?rest_route=%2Fwp%2Fv2%2Fcomments&post=57357"}],"version-history":[{"count":1,"href":"https:\/\/encuentroinformativo.com.mx\/index.php?rest_route=\/wp\/v2\/posts\/57357\/revisions"}],"predecessor-version":[{"id":57359,"href":"https:\/\/encuentroinformativo.com.mx\/index.php?rest_route=\/wp\/v2\/posts\/57357\/revisions\/57359"}],"wp:featuredmedia":[{"embeddable":true,"href":"https:\/\/encuentroinformativo.com.mx\/index.php?rest_route=\/wp\/v2\/media\/57358"}],"wp:attachment":[{"href":"https:\/\/encuentroinformativo.com.mx\/index.php?rest_route=%2Fwp%2Fv2%2Fmedia&parent=57357"}],"wp:term":[{"taxonomy":"category","embeddable":true,"href":"https:\/\/encuentroinformativo.com.mx\/index.php?rest_route=%2Fwp%2Fv2%2Fcategories&post=57357"},{"taxonomy":"post_tag","embeddable":true,"href":"https:\/\/encuentroinformativo.com.mx\/index.php?rest_route=%2Fwp%2Fv2%2Ftags&post=57357"}],"curies":[{"name":"wp","href":"https:\/\/api.w.org\/{rel}","templated":true}]}}