{"id":57361,"date":"2024-08-07T16:34:09","date_gmt":"2024-08-07T22:34:09","guid":{"rendered":"https:\/\/encuentroinformativo.com.mx\/?p=57361"},"modified":"2024-08-07T16:34:16","modified_gmt":"2024-08-07T22:34:16","slug":"piden-pobladores-atender-carreteras-de-san-rafael","status":"publish","type":"post","link":"https:\/\/encuentroinformativo.com.mx\/?p=57361","title":{"rendered":"Piden pobladores atender carreteras de San Rafael"},"content":{"rendered":"\n<p><strong>Dar\u00edo Pale <\/strong><\/p>\n\n\n\n<p>Xalapa, Ver.- Acuden a la Delegaci\u00f3n de la Secretar\u00eda de Infraestructura, Comunicaciones y Transporte (SICT),\u00a0 para solicitar la rehabilitaci\u00f3n de los caminos de las\u00a0 comunidades, El Pital, Puntilla Aldama y de Paso de Telaya, los transportistas de San Rafael.<\/p>\n\n\n\n<p>En entrevista se\u00f1alaron que, &#8220;est\u00e1s carreteras tienen m\u00e1s de 30 a\u00f1os abandonadas a tal grado de\u00a0 estar intransitables&#8221;.<\/p>\n\n\n\n<p>El lider del Movimiento Antorchista en San Rafael, Miguel Bastida Sierra, explic\u00f3 que\u00a0 que estas v\u00edas son muy importantes ya que comunican a m\u00e1s de 20 mil habitantes de las diferentes comunidades.<\/p>\n\n\n\n<p>&#8220;El tramo carretero 129 conecta a Mart\u00ednez de la Torres y Perote hasta topar con la desviaci\u00f3n del faro del municipio entre Nautla y Tecolutla pasando por San Rafael, donde todos los d\u00edas miles de campesinos, transportistas, taxistas, tienen que transitar a pesar de las condiciones materiales del tramo&#8221;, se\u00f1al\u00f3.<\/p>\n\n\n\n<p>La comisi\u00f3n fue atendida\u00a0 por Efr\u00e9n L\u00f3pez Blanco, residente oficial de conservaci\u00f3n de carreteras e Idalia Martinez Cortes, Directora de Obras de la SICT.<\/p>\n\n\n\n<p>Ah\u00ed, les informaron que esa dependencia no contaba con recursos para atender la petici\u00f3n de rehabilitaci\u00f3n de esos tramos carreteros.<\/p>\n\n\n\n<p>Por \u00faltimo, &#8220;los funcionarios argumentaron que la dependencia no tiene dinero para atender esos problemas, pues la mayor parte del presupuesto pas\u00f3 a ser administrado por la Guardia Nacional y el Ej\u00e9rcito, esa fue la repuesta que nos dieron los funcionarios, no estamos de acuerdo y tomaremos medidas para seguir exigiendo lo que por derecho le corresponde a los transportistas\u201d.<\/p>\n\n\n\n<figure class=\"wp-block-image size-large\"><img loading=\"lazy\" decoding=\"async\" width=\"1024\" height=\"768\" src=\"https:\/\/encuentroinformativo.com.mx\/wp-content\/uploads\/2024\/08\/1000358798-1024x768.jpg\" alt=\"\" class=\"wp-image-57363\" srcset=\"https:\/\/encuentroinformativo.com.mx\/wp-content\/uploads\/2024\/08\/1000358798-1024x768.jpg 1024w, https:\/\/encuentroinformativo.com.mx\/wp-content\/uploads\/2024\/08\/1000358798-300x225.jpg 300w, https:\/\/encuentroinformativo.com.mx\/wp-content\/uploads\/2024\/08\/1000358798-768x576.jpg 768w, https:\/\/encuentroinformativo.com.mx\/wp-content\/uploads\/2024\/08\/1000358798.jpg 1280w\" sizes=\"auto, (max-width: 1024px) 100vw, 1024px\" \/><\/figure>\n","protected":false},"excerpt":{"rendered":"<p>Dar\u00edo Pale Xalapa, Ver.- Acuden a la Delegaci\u00f3n de la Secretar\u00eda de Infraestructura, Comunicaciones y Transporte (SICT),\u00a0 para solicitar la rehabilitaci\u00f3n de los caminos de las\u00a0 comunidades, El Pital, Puntilla Aldama y de Paso de Telaya, los transportistas de San Rafael. En entrevista se\u00f1alaron que, &#8220;est\u00e1s carreteras tienen m\u00e1s de 30 a\u00f1os abandonadas a tal [&hellip;]<\/p>\n","protected":false},"author":2476,"featured_media":57362,"comment_status":"open","ping_status":"open","sticky":false,"template":"","format":"standard","meta":{"_jetpack_memberships_contains_paid_content":false,"footnotes":""},"categories":[2],"tags":[],"class_list":["post-57361","post","type-post","status-publish","format-standard","has-post-thumbnail","hentry","category-estado"],"jetpack_featured_media_url":"https:\/\/encuentroinformativo.com.mx\/wp-content\/uploads\/2024\/08\/IMG-20240807-WA0024.jpg","jetpack_sharing_enabled":true,"jetpack_likes_enabled":true,"amp_enabled":true,"_links":{"self":[{"href":"https:\/\/encuentroinformativo.com.mx\/index.php?rest_route=\/wp\/v2\/posts\/57361","targetHints":{"allow":["GET"]}}],"collection":[{"href":"https:\/\/encuentroinformativo.com.mx\/index.php?rest_route=\/wp\/v2\/posts"}],"about":[{"href":"https:\/\/encuentroinformativo.com.mx\/index.php?rest_route=\/wp\/v2\/types\/post"}],"author":[{"embeddable":true,"href":"https:\/\/encuentroinformativo.com.mx\/index.php?rest_route=\/wp\/v2\/users\/2476"}],"replies":[{"embeddable":true,"href":"https:\/\/encuentroinformativo.com.mx\/index.php?rest_route=%2Fwp%2Fv2%2Fcomments&post=57361"}],"version-history":[{"count":1,"href":"https:\/\/encuentroinformativo.com.mx\/index.php?rest_route=\/wp\/v2\/posts\/57361\/revisions"}],"predecessor-version":[{"id":57364,"href":"https:\/\/encuentroinformativo.com.mx\/index.php?rest_route=\/wp\/v2\/posts\/57361\/revisions\/57364"}],"wp:featuredmedia":[{"embeddable":true,"href":"https:\/\/encuentroinformativo.com.mx\/index.php?rest_route=\/wp\/v2\/media\/57362"}],"wp:attachment":[{"href":"https:\/\/encuentroinformativo.com.mx\/index.php?rest_route=%2Fwp%2Fv2%2Fmedia&parent=57361"}],"wp:term":[{"taxonomy":"category","embeddable":true,"href":"https:\/\/encuentroinformativo.com.mx\/index.php?rest_route=%2Fwp%2Fv2%2Fcategories&post=57361"},{"taxonomy":"post_tag","embeddable":true,"href":"https:\/\/encuentroinformativo.com.mx\/index.php?rest_route=%2Fwp%2Fv2%2Ftags&post=57361"}],"curies":[{"name":"wp","href":"https:\/\/api.w.org\/{rel}","templated":true}]}}