{"id":57369,"date":"2024-08-07T19:56:40","date_gmt":"2024-08-08T01:56:40","guid":{"rendered":"https:\/\/encuentroinformativo.com.mx\/?p=57369"},"modified":"2024-08-07T19:56:45","modified_gmt":"2024-08-08T01:56:45","slug":"en-noviembre-se-realizara-consulta-infantil-y-juvenil-ine","status":"publish","type":"post","link":"https:\/\/encuentroinformativo.com.mx\/?p=57369","title":{"rendered":"En noviembre, se realizar\u00e1 consulta infantil y juvenil: INE"},"content":{"rendered":"\n<p><strong>Dar\u00edo Pale <\/strong><\/p>\n\n\n\n<p>Xalapa, Ver.- El vocal ejecutivo de la Junta Local del INE, Josu\u00e9 Cervantes Mart\u00ednez, dio a conocer que, pretenden autoridades electorales llegar a medio mill\u00f3n de ni\u00f1as, ni\u00f1os y adolescentes, se instalar\u00e1n casillas, pero ser\u00e1n urnas electr\u00f3nicas\u00a0<\/p>\n\n\n\n<p>En entrevista dio a conocer que a diferencia de otros procesos electorales, cuando se llevaba a cabo la Consulta Infantil y Juvenil el mismo d\u00eda de la jornada electoral, la d\u00e9cima edici\u00f3n ahora ser\u00e1 en el mes de noviembre.<\/p>\n\n\n\n<p>El objetivo es lograr que participe medio mill\u00f3n de ni\u00f1as, ni\u00f1os y adolescentes del Estado durante todo el mes.<\/p>\n\n\n\n<p>En entrevista, explic\u00f3 que debido al c\u00famulo de actividades de una jornada electoral, es que ahora ser\u00e1 en noviembre.<\/p>\n\n\n\n<p>&#8220;En noviembre estaremos llevando estas tareas. No lo hace el INE, no nos alcanzar\u00eda solos para tanto, por eso tenemos alianzas estrat\u00e9gicas con otras instancias, participan muchas instancias y \u00f3rganos de Gobierno, fundamentalmente el OPLE, pero tambi\u00e9n la SEP, la Conafe, Sipinna, Derechos Humanos&#8221;, se\u00f1al\u00f3.<\/p>\n\n\n\n<p>Destac\u00f3 que durante la d\u00e9cima edici\u00f3n de la Consulta podr\u00e1n participar ni\u00f1as, ni\u00f1os y j\u00f3venes para fomentar en ellos la cultura pol\u00edtica democr\u00e1tica.<\/p>\n\n\n\n<p>&#8220;Fomentar una cultura c\u00edvica orientada hacia una mayor participaci\u00f3n ciudadana, el reconocimiento a los derechos, las voces de las ni\u00f1as, los ni\u00f1os, bajo la l\u00f3gica de que ninguna participaci\u00f3n es chiquita, en t\u00e9rminos de hablar de menores de edad&#8221;, coment\u00f3.<\/p>\n\n\n\n<p>El funcionario electoral coment\u00f3 que la idea es conocer las preocupaciones de la ni\u00f1ez y la juventud para que, en un momento dado conozcan sus derechos para que el d\u00eda de ma\u00f1ana sepan cu\u00e1les son los derechos que deben exigir.<\/p>\n\n\n\n<p>Para llevar a cabo la Consulta 2024 instalar\u00e1n casillas en todo el estado de Veracruz y en todo el pa\u00eds, pero tambi\u00e9n procurar\u00e1n hacerlo de forma virtual.<\/p>\n\n\n\n<p>La idea es alcanzar casi medio mill\u00f3n de ni\u00f1as, ni\u00f1os y adolescentes que oscilan entre los 3 y los 17 a\u00f1os de edad.<\/p>\n\n\n\n<p>&#8220;Vamos por grupos etarios de 3 a 5 a\u00f1os que realizan participando con dibujos, de 6 a 9 a\u00f1os, de 10 a 13 y de los 14 a los 17 a\u00f1os.<\/p>\n\n\n\n<p>Esta participaci\u00f3n es a trav\u00e9s de unas boletas, esta vez ser\u00e1n fundamentalmente electr\u00f3nicas que abordan las tem\u00e1ticas dependiendo de cada consulta&#8221;, asever\u00f3 y defini\u00f3 que en esta ocasi\u00f3n se trata de hablar de espacios seguros, cuidado del medio ambiente y animales.<\/p>\n\n\n\n<p>Asimismo, la prevenci\u00f3n de adicciones, as\u00ed como saber qu\u00e9 otras cosas les preocupan, saber si tienen alguna discapacidad, si pertenecen a pueblos ind\u00edgenas, afrodescendientes, entre otros.<\/p>\n","protected":false},"excerpt":{"rendered":"<p>Dar\u00edo Pale Xalapa, Ver.- El vocal ejecutivo de la Junta Local del INE, Josu\u00e9 Cervantes Mart\u00ednez, dio a conocer que, pretenden autoridades electorales llegar a medio mill\u00f3n de ni\u00f1as, ni\u00f1os y adolescentes, se instalar\u00e1n casillas, pero ser\u00e1n urnas electr\u00f3nicas\u00a0 En entrevista dio a conocer que a diferencia de otros procesos electorales, cuando se llevaba a [&hellip;]<\/p>\n","protected":false},"author":2476,"featured_media":57370,"comment_status":"open","ping_status":"open","sticky":false,"template":"","format":"standard","meta":{"_jetpack_memberships_contains_paid_content":false,"footnotes":""},"categories":[2],"tags":[],"class_list":["post-57369","post","type-post","status-publish","format-standard","has-post-thumbnail","hentry","category-estado"],"jetpack_featured_media_url":"https:\/\/encuentroinformativo.com.mx\/wp-content\/uploads\/2024\/08\/IMG-20240807-WA00352.jpg","jetpack_sharing_enabled":true,"jetpack_likes_enabled":true,"amp_enabled":true,"_links":{"self":[{"href":"https:\/\/encuentroinformativo.com.mx\/index.php?rest_route=\/wp\/v2\/posts\/57369","targetHints":{"allow":["GET"]}}],"collection":[{"href":"https:\/\/encuentroinformativo.com.mx\/index.php?rest_route=\/wp\/v2\/posts"}],"about":[{"href":"https:\/\/encuentroinformativo.com.mx\/index.php?rest_route=\/wp\/v2\/types\/post"}],"author":[{"embeddable":true,"href":"https:\/\/encuentroinformativo.com.mx\/index.php?rest_route=\/wp\/v2\/users\/2476"}],"replies":[{"embeddable":true,"href":"https:\/\/encuentroinformativo.com.mx\/index.php?rest_route=%2Fwp%2Fv2%2Fcomments&post=57369"}],"version-history":[{"count":1,"href":"https:\/\/encuentroinformativo.com.mx\/index.php?rest_route=\/wp\/v2\/posts\/57369\/revisions"}],"predecessor-version":[{"id":57371,"href":"https:\/\/encuentroinformativo.com.mx\/index.php?rest_route=\/wp\/v2\/posts\/57369\/revisions\/57371"}],"wp:featuredmedia":[{"embeddable":true,"href":"https:\/\/encuentroinformativo.com.mx\/index.php?rest_route=\/wp\/v2\/media\/57370"}],"wp:attachment":[{"href":"https:\/\/encuentroinformativo.com.mx\/index.php?rest_route=%2Fwp%2Fv2%2Fmedia&parent=57369"}],"wp:term":[{"taxonomy":"category","embeddable":true,"href":"https:\/\/encuentroinformativo.com.mx\/index.php?rest_route=%2Fwp%2Fv2%2Fcategories&post=57369"},{"taxonomy":"post_tag","embeddable":true,"href":"https:\/\/encuentroinformativo.com.mx\/index.php?rest_route=%2Fwp%2Fv2%2Ftags&post=57369"}],"curies":[{"name":"wp","href":"https:\/\/api.w.org\/{rel}","templated":true}]}}