{"id":57372,"date":"2024-08-07T20:38:00","date_gmt":"2024-08-08T02:38:00","guid":{"rendered":"https:\/\/encuentroinformativo.com.mx\/?p=57372"},"modified":"2024-08-07T20:38:06","modified_gmt":"2024-08-08T02:38:06","slug":"entrega-ricardo-ahued-paquetes-de-libros-a-centros-comunitarios","status":"publish","type":"post","link":"https:\/\/encuentroinformativo.com.mx\/?p=57372","title":{"rendered":"Entrega Ricardo Ahued paquetes de libros a Centros Comunitarios"},"content":{"rendered":"\n<p><strong>* Inicia el programa &#8220;La llave de la imaginaci\u00f3n&#8221;.<\/strong><\/p>\n\n\n\n<p>Xalapa, Ver.- Con el objetivo de enriquecer los espacios que fomentan la lectura, el presidente municipal Ricardo Ahued Bardahuil entreg\u00f3 paquetes de libros para los espacios de lectura de los 16 Centros Comunitarios del municipio, como parte del programa \u201cLa llave de la imaginaci\u00f3n\u201d.<\/p>\n\n\n\n<p>En la Sala de Cabildo, el Edil asegur\u00f3 que es importante continuar fomentando la lectura en las infancias, por lo que refrend\u00f3 su apoyo y reconoci\u00f3 la labor que se realiza en estos espacios, pues dejar\u00e1 en las pr\u00f3ximas generaciones el gusto por la lectura, adem\u00e1s de fomentar la integraci\u00f3n familiar y el desarrollo social.<\/p>\n\n\n\n<p>La regidora Mar\u00eda Guadalupe M\u00e1rquez Leonardo dijo que este programa que permitir\u00e1 llevar libros a los Centros Comunitarios, tambi\u00e9n considera la recepci\u00f3n y posterior donaci\u00f3n de libros en buen estado.<\/p>\n\n\n\n<p>\u201cContamos con espacios municipales para el resguardo y cuidado de estos ejemplares. Son lugares abiertos al p\u00fablico, lo que favorece que estas historias lleguen a cada una de nuestras ni\u00f1as y ni\u00f1os\u201d, a\u00f1adi\u00f3.<\/p>\n\n\n\n<p>Los donativos se realizaron a los Centros Comunitarios de la Colonia 6 de Enero, Arroyo Blanco, Casa Blanca, Chiltoyac, Constituyentes, El Castillo, El Moral, El Naranjal, El Olmo, Fovissste, Las Minas, Reforma, Rafael Lucio, Plan de Ayala, San Antonio Paso del Toro y Tronconal.<\/p>\n\n\n\n<p>El Edil estuvo acompa\u00f1ado por la regidora Martha Valentina Dom\u00ednguez V\u00e1squez; los regidores Carlos Ortega Murgu\u00eda y Mart\u00edn Victoriano Espinoza Rold\u00e1n; el director de Educaci\u00f3n, \u00c9dgar Eduardo Ruiz Cervantes; el director de Desarrollo Social, Alejandro Moreno Hern\u00e1ndez, y autoridades educativas.<\/p>\n\n\n\n<p><strong>Obra de pavimentaci\u00f3n en la Central de Abastos<\/strong><\/p>\n\n\n\n<p>Gracias al apoyo de un Cabildo plural hoy los locatarios de la Central de Abasto tienen \u00e1reas dignas para mejorar su calidad de vida y brindar mejores servicios a la sociedad, refiri\u00f3 el alcalde Ricardo Ahued Bardahuil, durante la entrega de los trabajos de pavimentaci\u00f3n con concreto hidr\u00e1ulico en calles aleda\u00f1as a los andenes de este espacio comercial.<\/p>\n\n\n\n<p>Se trata de una obra de 486 metros lineales que incluye introducci\u00f3n de drenaje sanitario, instalaci\u00f3n de luminarias, construcci\u00f3n de guarniciones y banquetas, y la pavimentaci\u00f3n de m\u00e1s de 3 mil metros cuadrados con concreto hidr\u00e1ulico.<\/p>\n\n\n\n<p>Al respecto, el Edil afirm\u00f3 que con estas acciones de infraestructura se tendr\u00e1n negocios s\u00f3lidos y seguros con \u00e1reas dignas, pavimentadas, limpias y con un mejor acceso, tanto para clientes como para comerciantes, pues benefician de forma directa a 50 mil personas.<\/p>\n\n\n\n<p>El alcalde suplente Alberto Islas Reyes expres\u00f3 que si se da el relevo en la Administraci\u00f3n Municipal como est\u00e1 programado, se seguir\u00e1 trabajando en favor de los locatarios de acuerdo con las facultades legales y recursos con los que cuenta el Ayuntamiento.<\/p>\n\n\n\n<p>La representante de los locatarios de la Central de Abasto, M\u00f3nica Hern\u00e1ndez, destac\u00f3 que esta obra es muy importante, por lo que agradeci\u00f3 al alcalde Ricardo Ahued Bardahuil y a los integrantes del Cabildo por la pavimentaci\u00f3n de esta \u00e1rea y el apoyo que siempre han brindado a los comerciantes.<\/p>\n\n\n\n<p>Asistieron las regidoras y regidores Helen Sarmiento Ja\u00e9n, Carlos Ortega Murgu\u00eda, Diego David Florescano P\u00e9rez, Martha Valentina Dom\u00ednguez V\u00e1squez, Mar\u00eda Guadalupe M\u00e1rquez Leonardo, Carlos Rugerio Mart\u00ednez, Mart\u00edn Victoriano Espinoza Rold\u00e1n, Ana Cristina Hern\u00e1ndez Aburto, Daniel Fern\u00e1ndez Carri\u00f3n y Alfonso Marcos Garc\u00eda Castillo.<\/p>\n\n\n\n<p>Adem\u00e1s, el presidente del Comit\u00e9 de Obra, Rolando V\u00e1zquez Herrera; el secretario Carlos Jer\u00f3nimo Jim\u00e9nez, y las vocales Mar\u00eda Elena Ponce, Mar\u00eda Isabel Negrete, Maribel Robles Jim\u00e9nez y Mar\u00eda Fidela Ceballos, as\u00ed como locatarios y funcionariado municipal.<\/p>\n\n\n\n<figure class=\"wp-block-image size-large\"><img loading=\"lazy\" decoding=\"async\" width=\"1024\" height=\"692\" src=\"https:\/\/encuentroinformativo.com.mx\/wp-content\/uploads\/2024\/08\/1000358922-1024x692.jpg\" alt=\"\" class=\"wp-image-57374\" srcset=\"https:\/\/encuentroinformativo.com.mx\/wp-content\/uploads\/2024\/08\/1000358922-1024x692.jpg 1024w, https:\/\/encuentroinformativo.com.mx\/wp-content\/uploads\/2024\/08\/1000358922-300x203.jpg 300w, https:\/\/encuentroinformativo.com.mx\/wp-content\/uploads\/2024\/08\/1000358922-768x519.jpg 768w, https:\/\/encuentroinformativo.com.mx\/wp-content\/uploads\/2024\/08\/1000358922-1536x1037.jpg 1536w, https:\/\/encuentroinformativo.com.mx\/wp-content\/uploads\/2024\/08\/1000358922-2048x1383.jpg 2048w\" sizes=\"auto, (max-width: 1024px) 100vw, 1024px\" \/><\/figure>\n","protected":false},"excerpt":{"rendered":"<p>* Inicia el programa &#8220;La llave de la imaginaci\u00f3n&#8221;. Xalapa, Ver.- Con el objetivo de enriquecer los espacios que fomentan la lectura, el presidente municipal Ricardo Ahued Bardahuil entreg\u00f3 paquetes de libros para los espacios de lectura de los 16 Centros Comunitarios del municipio, como parte del programa \u201cLa llave de la imaginaci\u00f3n\u201d. En la [&hellip;]<\/p>\n","protected":false},"author":2476,"featured_media":57373,"comment_status":"open","ping_status":"open","sticky":false,"template":"","format":"standard","meta":{"_jetpack_memberships_contains_paid_content":false,"footnotes":""},"categories":[3],"tags":[],"class_list":["post-57372","post","type-post","status-publish","format-standard","has-post-thumbnail","hentry","category-xalapa"],"jetpack_featured_media_url":"https:\/\/encuentroinformativo.com.mx\/wp-content\/uploads\/2024\/08\/IMG-20240807-WA0052.jpg","jetpack_sharing_enabled":true,"jetpack_likes_enabled":true,"amp_enabled":true,"_links":{"self":[{"href":"https:\/\/encuentroinformativo.com.mx\/index.php?rest_route=\/wp\/v2\/posts\/57372","targetHints":{"allow":["GET"]}}],"collection":[{"href":"https:\/\/encuentroinformativo.com.mx\/index.php?rest_route=\/wp\/v2\/posts"}],"about":[{"href":"https:\/\/encuentroinformativo.com.mx\/index.php?rest_route=\/wp\/v2\/types\/post"}],"author":[{"embeddable":true,"href":"https:\/\/encuentroinformativo.com.mx\/index.php?rest_route=\/wp\/v2\/users\/2476"}],"replies":[{"embeddable":true,"href":"https:\/\/encuentroinformativo.com.mx\/index.php?rest_route=%2Fwp%2Fv2%2Fcomments&post=57372"}],"version-history":[{"count":1,"href":"https:\/\/encuentroinformativo.com.mx\/index.php?rest_route=\/wp\/v2\/posts\/57372\/revisions"}],"predecessor-version":[{"id":57375,"href":"https:\/\/encuentroinformativo.com.mx\/index.php?rest_route=\/wp\/v2\/posts\/57372\/revisions\/57375"}],"wp:featuredmedia":[{"embeddable":true,"href":"https:\/\/encuentroinformativo.com.mx\/index.php?rest_route=\/wp\/v2\/media\/57373"}],"wp:attachment":[{"href":"https:\/\/encuentroinformativo.com.mx\/index.php?rest_route=%2Fwp%2Fv2%2Fmedia&parent=57372"}],"wp:term":[{"taxonomy":"category","embeddable":true,"href":"https:\/\/encuentroinformativo.com.mx\/index.php?rest_route=%2Fwp%2Fv2%2Fcategories&post=57372"},{"taxonomy":"post_tag","embeddable":true,"href":"https:\/\/encuentroinformativo.com.mx\/index.php?rest_route=%2Fwp%2Fv2%2Ftags&post=57372"}],"curies":[{"name":"wp","href":"https:\/\/api.w.org\/{rel}","templated":true}]}}