{"id":57376,"date":"2024-08-08T09:40:35","date_gmt":"2024-08-08T15:40:35","guid":{"rendered":"https:\/\/encuentroinformativo.com.mx\/?p=57376"},"modified":"2024-08-08T09:40:40","modified_gmt":"2024-08-08T15:40:40","slug":"el-nuevo-pri","status":"publish","type":"post","link":"https:\/\/encuentroinformativo.com.mx\/?p=57376","title":{"rendered":"EL NUEVO PRI"},"content":{"rendered":"\n<p><strong>Los Pol\u00edticos\u00a0<\/strong><\/p>\n\n\n\n<p><strong>Salvador Mu\u00f1oz<\/strong><\/p>\n\n\n\n<p>A mediados del sexenio que fenece, un moreno me cuestionaba sobre las elecciones del 2024. Mi respuesta creo que lo sorprendi\u00f3 un poco: \u201cVan a ganar y dependiendo de su trabajo, quiz\u00e1s repitan triunfo en 2030\u201d.<\/p>\n\n\n\n<p>A lo mejor esperaba que augurara una derrota conociendo mi posici\u00f3n con respecto a la administraci\u00f3n de Cuitl\u00e1huac Garc\u00eda, pero era m\u00e1s que claro que m\u00e1s all\u00e1 de los gobernantes de Morena, el poder, carisma, influencia de Andr\u00e9s Manuel L\u00f3pez Obrador estaba y est\u00e1 por encima de cualquiera de sus correligionarios y eso, una Claudia Sheinbaum y una Roc\u00edo Nahle lo saben, por eso su labor previo a su ascenci\u00f3n.<\/p>\n\n\n\n<p>Es cierto, L\u00f3pez Obrador les dej\u00f3 unas bases s\u00f3lidas y muy importantes para ejercer el poder y lo m\u00e1s relevante: mantenerse en el poder.<\/p>\n\n\n\n<p>Ahora, aunque AMLO asegura que se ir\u00e1 a La Chingada una vez que termine su mandato, es claro que estar\u00e1 presente cual Cid Campeador en los discursos de su sucesora y dem\u00e1s, hasta que definan su propio estilo de gobernar.<\/p>\n\n\n\n<p>Y no se trata de menospreciar o subestimar a Sheinbaum en lo que ser\u00e1 su quehacer administrativo\u2026 al menos conf\u00edo en que tenga las tablas para hacerlo y por el bien de M\u00e9xico, estoy seguro que muchas m\u00e1s que quien hoy gobierna pero\u2026 s\u00ed\u2026 algo nos deja en claro el Gobierno de AMLO: qu\u00e9 importa no saber gobernar mientras sepas ejercer el poder\u2026 por eso les digo que estoy seguro de que Sheinbaum entiende mejor la Gobernanza\u2026 qui\u00e9n sabe el ejercicio del poder\u2026<\/p>\n\n\n\n<p>A nivel estatal, independientemente de las filias y los colores, uno espera y observa que al menos en el ejercicio del poder, a Nahle se le da con naturalidad, a\u00f1os luz distante a la caricatura que hoy est\u00e1 en Palacio de Enr\u00edquez. Por el bien de los veracruzanos, hay la esperanza de que tenga el mismo sentido a la hora de la gobernanza.<\/p>\n\n\n\n<p>Si Claudia Sheinbaum combina su estilo con el de AMLO, estaremos viviendo la gestaci\u00f3n de un sistema que al menos esta administraci\u00f3n que inicia y una m\u00e1s, ha de darle hegemon\u00eda a Morena\u2026&nbsp;<\/p>\n\n\n\n<p>Similar ha de ocurrir en Veracruz si Nahle gobierna para todos; s\u00ed, con las fobias naturales que le ha sembrado la oposici\u00f3n pero cercana a la sociedad, a los empresarios, a la gente; con la sencillez que al menos hasta ahora, se le ha visto y lejana al despotismo de quien hoy gobierna\u2026<\/p>\n\n\n\n<p>Morena hoy por hoy, goza de fortaleza; la oposici\u00f3n vive su peor momento pero a la vez, de lo m\u00e1s comprensible\u2026 el PRI lo debe de entender mejor que nadie al haber estado en la posici\u00f3n en que hoy se encuentra Morena: sabe lo que es el poder absoluto y supo c\u00f3mo emplearlo\u2026 no as\u00ed el PAN\u2026<\/p>\n\n\n\n<p>As\u00ed que si Morena no quiere vivir lo que el PAN a principios de este siglo, debe aprender a trabajar como en su momento lo hizo el otrora partidazo\u2026 si lo hace, combinado con ese liderazgo que ejerce de un modo u otro una persona como AMLO, estaremos viviendo la gestaci\u00f3n de una nueva era en nuestra pol\u00edtica\u2026 y quiz\u00e1s podamos entender el porqu\u00e9 Morena puede convertirse en el nuevo PRI y entonces esto ir\u00eda de largo, m\u00e1s de lo que yo supuse hace tres a\u00f1os\u2026<\/p>\n","protected":false},"excerpt":{"rendered":"<p>Los Pol\u00edticos\u00a0 Salvador Mu\u00f1oz A mediados del sexenio que fenece, un moreno me cuestionaba sobre las elecciones del 2024. Mi respuesta creo que lo sorprendi\u00f3 un poco: \u201cVan a ganar y dependiendo de su trabajo, quiz\u00e1s repitan triunfo en 2030\u201d. A lo mejor esperaba que augurara una derrota conociendo mi posici\u00f3n con respecto a la [&hellip;]<\/p>\n","protected":false},"author":2476,"featured_media":387,"comment_status":"open","ping_status":"open","sticky":false,"template":"","format":"standard","meta":{"_jetpack_memberships_contains_paid_content":false,"footnotes":""},"categories":[11],"tags":[],"class_list":["post-57376","post","type-post","status-publish","format-standard","has-post-thumbnail","hentry","category-opinion"],"jetpack_featured_media_url":"https:\/\/encuentroinformativo.com.mx\/wp-content\/uploads\/2020\/03\/7CF8A22B-2764-47BE-8F7F-38FE9E5D6A2F.jpeg","jetpack_sharing_enabled":true,"jetpack_likes_enabled":true,"amp_enabled":true,"_links":{"self":[{"href":"https:\/\/encuentroinformativo.com.mx\/index.php?rest_route=\/wp\/v2\/posts\/57376","targetHints":{"allow":["GET"]}}],"collection":[{"href":"https:\/\/encuentroinformativo.com.mx\/index.php?rest_route=\/wp\/v2\/posts"}],"about":[{"href":"https:\/\/encuentroinformativo.com.mx\/index.php?rest_route=\/wp\/v2\/types\/post"}],"author":[{"embeddable":true,"href":"https:\/\/encuentroinformativo.com.mx\/index.php?rest_route=\/wp\/v2\/users\/2476"}],"replies":[{"embeddable":true,"href":"https:\/\/encuentroinformativo.com.mx\/index.php?rest_route=%2Fwp%2Fv2%2Fcomments&post=57376"}],"version-history":[{"count":1,"href":"https:\/\/encuentroinformativo.com.mx\/index.php?rest_route=\/wp\/v2\/posts\/57376\/revisions"}],"predecessor-version":[{"id":57377,"href":"https:\/\/encuentroinformativo.com.mx\/index.php?rest_route=\/wp\/v2\/posts\/57376\/revisions\/57377"}],"wp:featuredmedia":[{"embeddable":true,"href":"https:\/\/encuentroinformativo.com.mx\/index.php?rest_route=\/wp\/v2\/media\/387"}],"wp:attachment":[{"href":"https:\/\/encuentroinformativo.com.mx\/index.php?rest_route=%2Fwp%2Fv2%2Fmedia&parent=57376"}],"wp:term":[{"taxonomy":"category","embeddable":true,"href":"https:\/\/encuentroinformativo.com.mx\/index.php?rest_route=%2Fwp%2Fv2%2Fcategories&post=57376"},{"taxonomy":"post_tag","embeddable":true,"href":"https:\/\/encuentroinformativo.com.mx\/index.php?rest_route=%2Fwp%2Fv2%2Ftags&post=57376"}],"curies":[{"name":"wp","href":"https:\/\/api.w.org\/{rel}","templated":true}]}}