{"id":57381,"date":"2024-08-08T13:33:06","date_gmt":"2024-08-08T19:33:06","guid":{"rendered":"https:\/\/encuentroinformativo.com.mx\/?p=57381"},"modified":"2024-08-08T13:33:11","modified_gmt":"2024-08-08T19:33:11","slug":"como-cada-jueves-protestan-jubilados-reclaman-seguro-institucional","status":"publish","type":"post","link":"https:\/\/encuentroinformativo.com.mx\/?p=57381","title":{"rendered":"Como cada jueves;  protestan jubilados, reclaman seguro institucional"},"content":{"rendered":"\n<p><strong>Dar\u00edo Pale <\/strong><\/p>\n\n\n\n<p>Xalapa, Ver.- Como cada jueves los integrantes de la Asociaci\u00f3n de Jubilados y Pensionados del ISSSTE en Veracruz (Ajupiv) bloquearon la calle de Enr\u00edquez para exigir la contrataci\u00f3n inmediata del seguro institucional, aseguraron que son &#8220;m\u00e1s necios&#8221; que el gobernador Cuitl\u00e1huac Garc\u00eda Jim\u00e9nez.<\/p>\n\n\n\n<p>Como cada jueves, a nombre de los jubilados Calixto Azuara, indic\u00f3 que la molestia que se tiene es por las declaraciones del titular de la Sefiplan, quien coment\u00f3 que no se pagar\u00e1 el seguro.<\/p>\n\n\n\n<p>Asegur\u00f3 que se tuvo una reuni\u00f3n con Lima Franco en la que estuvieron presentes al menos diez integrantes de la asociaci\u00f3n para exponer el caso.<\/p>\n\n\n\n<p>&#8220;Pedimos que se pagara a la aseguradora y ahora, un mes y medio despu\u00e9s, dice que no, que no nos recibi\u00f3 y que no hubo acuerdos&#8221;, expuso.<\/p>\n\n\n\n<p>Record\u00f3 que del primero de noviembre del 2020 al primero de noviembre del 2021 se contrat\u00f3 exclusivamente una aseguradora GNP para jubilados federales.<\/p>\n\n\n\n<p>&#8220;El problema se origin\u00f3 desde la administraci\u00f3n de Javier Duarte de Ochoa, cuando fue cancelado el seguro de vida para los jubilados federales de la SEV, despu\u00e9s, en el bienio de Miguel \u00c1ngel Yunes Linares se restituy\u00f3 la vigencia del seguro de vida, pero \u00e9ste ya no se actualiz\u00f3 durante la administraci\u00f3n Cuitl\u00e1huac Garc\u00eda Jim\u00e9nez&#8221;, argument\u00f3.<\/p>\n\n\n\n<p>Durante la manifestaci\u00f3n desde la plaza Lerdo los integrantes de la AJUPIV, se\u00f1alaron que pedir\u00e1n a la gobernadora electa Roc\u00edo Nahle Garc\u00eda que Garc\u00eda Jim\u00e9nez sea investigado por la omisi\u00f3n en la que ha ca\u00eddo al no reactivar el seguro institucional.<\/p>\n\n\n\n<p>&#8220;Vamos a pedir a la gobernadora electa que se reconsidere la decisi\u00f3n de ratificar en el cargo al secretario de Finanzas y Planeaci\u00f3n Jos\u00e9 Luis Lima Franco porque es mentiroso y no ha cumplido con la promesa de pago&#8221;, se\u00f1al\u00f3.<\/p>\n\n\n\n<p>Ante ello, reiter\u00f3 que se pedir\u00e1 que el mandatario estatal sea investigado por las omisiones en las que ha ca\u00eddo.<\/p>\n\n\n\n<p>&#8220;Este derecho se encuentra establecido en el art\u00edculo 17 de la Constituci\u00f3n Pol\u00edtica, por lo que se trata de un beneficio que debe permanecer, fue fundamentado en el gobierno de Adolfo L\u00f3pez Mateos en 1958, 1959 y de ah\u00ed en adelante se aplic\u00f3 en el sexenio de Adolfo L\u00f3pez Mateos, Hacienda Federal, hace una licitaci\u00f3n para los seguros y se sigue haciendo, el gobierno federal lo sigue haciendo, pero a nivel local las autoridades no han atendido este beneficio para nosotros los jubilados\u201d, coment\u00f3.<\/p>\n\n\n\n<p>Por \u00faltimo coment\u00f3 que a la fecha son m\u00e1s de 30 mil jubilados con sueldos federales los que no han recibido este derecho, adem\u00e1s de las familias que no han podido acceder a este beneficio con el fallecimiento de los pensionados.<\/p>\n","protected":false},"excerpt":{"rendered":"<p>Dar\u00edo Pale Xalapa, Ver.- Como cada jueves los integrantes de la Asociaci\u00f3n de Jubilados y Pensionados del ISSSTE en Veracruz (Ajupiv) bloquearon la calle de Enr\u00edquez para exigir la contrataci\u00f3n inmediata del seguro institucional, aseguraron que son &#8220;m\u00e1s necios&#8221; que el gobernador Cuitl\u00e1huac Garc\u00eda Jim\u00e9nez. Como cada jueves, a nombre de los jubilados Calixto Azuara, [&hellip;]<\/p>\n","protected":false},"author":2476,"featured_media":57382,"comment_status":"open","ping_status":"open","sticky":false,"template":"","format":"standard","meta":{"_jetpack_memberships_contains_paid_content":false,"footnotes":""},"categories":[3],"tags":[],"class_list":["post-57381","post","type-post","status-publish","format-standard","has-post-thumbnail","hentry","category-xalapa"],"jetpack_featured_media_url":"https:\/\/encuentroinformativo.com.mx\/wp-content\/uploads\/2024\/08\/IMG-20240808-WA0014.jpg","jetpack_sharing_enabled":true,"jetpack_likes_enabled":true,"amp_enabled":true,"_links":{"self":[{"href":"https:\/\/encuentroinformativo.com.mx\/index.php?rest_route=\/wp\/v2\/posts\/57381","targetHints":{"allow":["GET"]}}],"collection":[{"href":"https:\/\/encuentroinformativo.com.mx\/index.php?rest_route=\/wp\/v2\/posts"}],"about":[{"href":"https:\/\/encuentroinformativo.com.mx\/index.php?rest_route=\/wp\/v2\/types\/post"}],"author":[{"embeddable":true,"href":"https:\/\/encuentroinformativo.com.mx\/index.php?rest_route=\/wp\/v2\/users\/2476"}],"replies":[{"embeddable":true,"href":"https:\/\/encuentroinformativo.com.mx\/index.php?rest_route=%2Fwp%2Fv2%2Fcomments&post=57381"}],"version-history":[{"count":1,"href":"https:\/\/encuentroinformativo.com.mx\/index.php?rest_route=\/wp\/v2\/posts\/57381\/revisions"}],"predecessor-version":[{"id":57383,"href":"https:\/\/encuentroinformativo.com.mx\/index.php?rest_route=\/wp\/v2\/posts\/57381\/revisions\/57383"}],"wp:featuredmedia":[{"embeddable":true,"href":"https:\/\/encuentroinformativo.com.mx\/index.php?rest_route=\/wp\/v2\/media\/57382"}],"wp:attachment":[{"href":"https:\/\/encuentroinformativo.com.mx\/index.php?rest_route=%2Fwp%2Fv2%2Fmedia&parent=57381"}],"wp:term":[{"taxonomy":"category","embeddable":true,"href":"https:\/\/encuentroinformativo.com.mx\/index.php?rest_route=%2Fwp%2Fv2%2Fcategories&post=57381"},{"taxonomy":"post_tag","embeddable":true,"href":"https:\/\/encuentroinformativo.com.mx\/index.php?rest_route=%2Fwp%2Fv2%2Ftags&post=57381"}],"curies":[{"name":"wp","href":"https:\/\/api.w.org\/{rel}","templated":true}]}}