{"id":57388,"date":"2024-08-08T14:20:01","date_gmt":"2024-08-08T20:20:01","guid":{"rendered":"https:\/\/encuentroinformativo.com.mx\/?p=57388"},"modified":"2024-08-08T14:20:10","modified_gmt":"2024-08-08T20:20:10","slug":"bajisima-temporada-de-verano-para-hoteleros-cometur","status":"publish","type":"post","link":"https:\/\/encuentroinformativo.com.mx\/?p=57388","title":{"rendered":"Baj\u00edsima temporada de verano para hoteleros: COMETUR"},"content":{"rendered":"\n<p><strong>Alejandro \u00c1vila<\/strong><\/p>\n\n\n\n<p>Veracruz, Ver.- La temporada de verano 2024 ha sido la m\u00e1s baja para el sector hotelero en los \u00faltimos a\u00f1os, mencion\u00f3 el presidente del Consejo Metropolitano de Turismo (COMETUR), Sergio Lois Heredia.<\/p>\n\n\n\n<p>A falta de los n\u00fameros oficiales de la Asociaci\u00f3n de Hoteles y Moteles de Veracruz el porcentaje de ocupaci\u00f3n estuvo a la baja en este a\u00f1o; el empresario mencion\u00f3 que hubo 3 factores fundamentales para que esto sucediera.<\/p>\n\n\n\n<p>&#8220;Nosotros se la atribuimos a 3 factores. El primer factor que vimos que nos afect\u00f3, es que pr\u00e1cticamente cuando iba a iniciar la temporada de verano, a nivel nacional hubo la noticia de que en Veracruz hab\u00eda unos aguaceros torrenciales pr\u00e1cticamente huracanados, s\u00ed hubo un par de d\u00edas as\u00ed, S\u00ed hubo uno o dos d\u00edas que hubo inundaci\u00f3n que en un par de horas bajaron, pero esas im\u00e1genes dieron vuelta a nivel nacional y s\u00ed pegaron, s\u00ed hubo cancelaciones por esos temas&#8221;, se\u00f1al\u00f3.<\/p>\n\n\n\n<p>Sergio Lois, que la marca negativa que sell\u00f3 esta temporada de verano, fue la noticia del mal estado de las playas y los presuntos secuestros de j\u00f3venes en la entidad.<\/p>\n\n\n\n<p>&#8220;Otro tema que tambi\u00e9n nos alej\u00f3 al turismo en esta temporada vacacional fue la medici\u00f3n o ex\u00e1menes que realiz\u00f3 la Cofepris y las notas que salieron em torno a esto con respecto al agua, y despu\u00e9s se supo por declaraci\u00f3n de las mismas autoridades que fue un mal &#8216;timing&#8217; de hacer los ex\u00e1menes porque fue posterior precisamente las lluvias que hab\u00eda habido en todo el estado, no solo lo que es Veracruz, porque ten\u00eda mucho sedimento y muchos temas lo que es el agua de las playas (\u2026) y otra cosa que tambi\u00e9n afect\u00f3 a la temporada alta fueron las fake news que estuvieron circulando, alrededor de una semana creo que fue, acerca de violencia, bandas, secuestros que hab\u00eda aqu\u00ed en la zona conurbada, la realidad es que luego se supo que esto era falso, pero en el trayecto que esto se estuvo viralizando, sobre todo en WhatsApp, tambi\u00e9n golpeo la imagen de Veracruz por qu\u00e9 lo que es la violencia, la inseguridad, aunque sea falsa le pega a la imagen tur\u00edstica&#8221;, remat\u00f3.<\/p>\n","protected":false},"excerpt":{"rendered":"<p>Alejandro \u00c1vila Veracruz, Ver.- La temporada de verano 2024 ha sido la m\u00e1s baja para el sector hotelero en los \u00faltimos a\u00f1os, mencion\u00f3 el presidente del Consejo Metropolitano de Turismo (COMETUR), Sergio Lois Heredia. A falta de los n\u00fameros oficiales de la Asociaci\u00f3n de Hoteles y Moteles de Veracruz el porcentaje de ocupaci\u00f3n estuvo a [&hellip;]<\/p>\n","protected":false},"author":2476,"featured_media":57389,"comment_status":"open","ping_status":"open","sticky":false,"template":"","format":"standard","meta":{"_jetpack_memberships_contains_paid_content":false,"footnotes":""},"categories":[2],"tags":[],"class_list":["post-57388","post","type-post","status-publish","format-standard","has-post-thumbnail","hentry","category-estado"],"jetpack_featured_media_url":"https:\/\/encuentroinformativo.com.mx\/wp-content\/uploads\/2024\/08\/IMG-20240808-WA0017.jpg","jetpack_sharing_enabled":true,"jetpack_likes_enabled":true,"amp_enabled":true,"_links":{"self":[{"href":"https:\/\/encuentroinformativo.com.mx\/index.php?rest_route=\/wp\/v2\/posts\/57388","targetHints":{"allow":["GET"]}}],"collection":[{"href":"https:\/\/encuentroinformativo.com.mx\/index.php?rest_route=\/wp\/v2\/posts"}],"about":[{"href":"https:\/\/encuentroinformativo.com.mx\/index.php?rest_route=\/wp\/v2\/types\/post"}],"author":[{"embeddable":true,"href":"https:\/\/encuentroinformativo.com.mx\/index.php?rest_route=\/wp\/v2\/users\/2476"}],"replies":[{"embeddable":true,"href":"https:\/\/encuentroinformativo.com.mx\/index.php?rest_route=%2Fwp%2Fv2%2Fcomments&post=57388"}],"version-history":[{"count":1,"href":"https:\/\/encuentroinformativo.com.mx\/index.php?rest_route=\/wp\/v2\/posts\/57388\/revisions"}],"predecessor-version":[{"id":57390,"href":"https:\/\/encuentroinformativo.com.mx\/index.php?rest_route=\/wp\/v2\/posts\/57388\/revisions\/57390"}],"wp:featuredmedia":[{"embeddable":true,"href":"https:\/\/encuentroinformativo.com.mx\/index.php?rest_route=\/wp\/v2\/media\/57389"}],"wp:attachment":[{"href":"https:\/\/encuentroinformativo.com.mx\/index.php?rest_route=%2Fwp%2Fv2%2Fmedia&parent=57388"}],"wp:term":[{"taxonomy":"category","embeddable":true,"href":"https:\/\/encuentroinformativo.com.mx\/index.php?rest_route=%2Fwp%2Fv2%2Fcategories&post=57388"},{"taxonomy":"post_tag","embeddable":true,"href":"https:\/\/encuentroinformativo.com.mx\/index.php?rest_route=%2Fwp%2Fv2%2Ftags&post=57388"}],"curies":[{"name":"wp","href":"https:\/\/api.w.org\/{rel}","templated":true}]}}