{"id":57391,"date":"2024-08-08T17:07:48","date_gmt":"2024-08-08T23:07:48","guid":{"rendered":"https:\/\/encuentroinformativo.com.mx\/?p=57391"},"modified":"2024-08-08T17:07:54","modified_gmt":"2024-08-08T23:07:54","slug":"detienen-a-pareja-de-karina-por-presunto-feminicidio","status":"publish","type":"post","link":"https:\/\/encuentroinformativo.com.mx\/?p=57391","title":{"rendered":"Detienen a pareja de Karina por presunto feminicidio"},"content":{"rendered":"\n<p><strong>Alejandro \u00c1vila<\/strong><\/p>\n\n\n\n<p><strong>Foto: Sergio Aldazaba\/Cortes\u00eda <\/strong><\/p>\n\n\n\n<p>Veracruz, Ver.- Edgar &#8220;N&#8221; pareja sentimental de Karina, la joven que fue hallada sin vida la ma\u00f1ana de este jueves en una colonia del puerto de Veracruz fue detenido por elementos de la Polic\u00eda Ministerial por el presunto delito de feminicidio.<\/p>\n\n\n\n<p>Karina fue hallada sin vida alrededor de las 5 de la ma\u00f1ana de este jueves en un lote bald\u00edo en el fraccionamiento Colina Los P\u00e1jaros, fue su propio novio qui\u00e9n habr\u00eda encontrado el cuerpo y dio aviso a las autoridades; tras las primeras investigaciones se presume que fue su propia pareja sentimental qui\u00e9n le habr\u00eda quitado la vida.<\/p>\n\n\n\n<p>Al entrevistarse con las autoridades, Edgar se\u00f1al\u00f3 que la joven hab\u00eda salido con rumbo a su trabajo, y tras no reportarse de que ya hab\u00eda llegado al lugar donde laboraba, se preocup\u00f3 y emprendi\u00f3 su b\u00fasqueda.<\/p>\n\n\n\n<p>La joven de 29 a\u00f1os de edad fue hallada semidesnuda con indicios de probable violencia sexual, por lo que elementos de la Polic\u00eda Estatal que fueron informados del hecho acordonaron la escena tras confirmar el crimen.<\/p>\n\n\n\n<p>La informaci\u00f3n recabada indica que la v\u00edctima ten\u00eda alrededor de un mes que se hab\u00eda mudado a vivir a dicha zona ubicada en el poniente del municipio, cerca de fraccionamientos como Ruba o Residencial del Bosque.<\/p>\n\n\n\n<p>Finalmente personal de la Direcci\u00f3n de Servicios Periciales se encarg\u00f3 de recabar los probables indicios y de retirar el cuerpo al anfiteatro del SEMEFO para realizarle la autopsia y determinar c\u00f3mo fue privada de la vida.<\/p>\n","protected":false},"excerpt":{"rendered":"<p>Alejandro \u00c1vila Foto: Sergio Aldazaba\/Cortes\u00eda Veracruz, Ver.- Edgar &#8220;N&#8221; pareja sentimental de Karina, la joven que fue hallada sin vida la ma\u00f1ana de este jueves en una colonia del puerto de Veracruz fue detenido por elementos de la Polic\u00eda Ministerial por el presunto delito de feminicidio. Karina fue hallada sin vida alrededor de las 5 [&hellip;]<\/p>\n","protected":false},"author":2476,"featured_media":57392,"comment_status":"open","ping_status":"open","sticky":false,"template":"","format":"standard","meta":{"_jetpack_memberships_contains_paid_content":false,"footnotes":""},"categories":[2],"tags":[],"class_list":["post-57391","post","type-post","status-publish","format-standard","has-post-thumbnail","hentry","category-estado"],"jetpack_featured_media_url":"https:\/\/encuentroinformativo.com.mx\/wp-content\/uploads\/2024\/08\/IMG-20240808-WA0077.jpg","jetpack_sharing_enabled":true,"jetpack_likes_enabled":true,"amp_enabled":true,"_links":{"self":[{"href":"https:\/\/encuentroinformativo.com.mx\/index.php?rest_route=\/wp\/v2\/posts\/57391","targetHints":{"allow":["GET"]}}],"collection":[{"href":"https:\/\/encuentroinformativo.com.mx\/index.php?rest_route=\/wp\/v2\/posts"}],"about":[{"href":"https:\/\/encuentroinformativo.com.mx\/index.php?rest_route=\/wp\/v2\/types\/post"}],"author":[{"embeddable":true,"href":"https:\/\/encuentroinformativo.com.mx\/index.php?rest_route=\/wp\/v2\/users\/2476"}],"replies":[{"embeddable":true,"href":"https:\/\/encuentroinformativo.com.mx\/index.php?rest_route=%2Fwp%2Fv2%2Fcomments&post=57391"}],"version-history":[{"count":1,"href":"https:\/\/encuentroinformativo.com.mx\/index.php?rest_route=\/wp\/v2\/posts\/57391\/revisions"}],"predecessor-version":[{"id":57393,"href":"https:\/\/encuentroinformativo.com.mx\/index.php?rest_route=\/wp\/v2\/posts\/57391\/revisions\/57393"}],"wp:featuredmedia":[{"embeddable":true,"href":"https:\/\/encuentroinformativo.com.mx\/index.php?rest_route=\/wp\/v2\/media\/57392"}],"wp:attachment":[{"href":"https:\/\/encuentroinformativo.com.mx\/index.php?rest_route=%2Fwp%2Fv2%2Fmedia&parent=57391"}],"wp:term":[{"taxonomy":"category","embeddable":true,"href":"https:\/\/encuentroinformativo.com.mx\/index.php?rest_route=%2Fwp%2Fv2%2Fcategories&post=57391"},{"taxonomy":"post_tag","embeddable":true,"href":"https:\/\/encuentroinformativo.com.mx\/index.php?rest_route=%2Fwp%2Fv2%2Ftags&post=57391"}],"curies":[{"name":"wp","href":"https:\/\/api.w.org\/{rel}","templated":true}]}}