{"id":57394,"date":"2024-08-08T17:10:32","date_gmt":"2024-08-08T23:10:32","guid":{"rendered":"https:\/\/encuentroinformativo.com.mx\/?p=57394"},"modified":"2024-08-08T17:10:38","modified_gmt":"2024-08-08T23:10:38","slug":"cfe-evade-responsabilidad-por-nino-electrocutado-en-transformador","status":"publish","type":"post","link":"https:\/\/encuentroinformativo.com.mx\/?p=57394","title":{"rendered":"CFE evade responsabilidad por ni\u00f1o electrocutado en transformador"},"content":{"rendered":"\n<p><strong>Alejandro \u00c1vila<\/strong><\/p>\n\n\n\n<p>Veracruz, Ver. &#8211; La Comisi\u00f3n Federal de Electricidad (CFE) se ha negado a realizar la reparaci\u00f3n del da\u00f1o a la familia del ni\u00f1o Ivemael Mena Pacheco, mencion\u00f3 el abogado, Rodrigo Rodr\u00edguez S\u00e1nchez.<\/p>\n\n\n\n<p>Cabe recordar que el pasado 29 de julio del 2023, el peque\u00f1o Ivemael de apenas 13 a\u00f1os de edad, circulaba en su bicicleta por la calle Vasco de Quiroga en la colonia La Laguna (al poniente del municipio de Veracruz), cuando sufri\u00f3 una poderosa descarga el\u00e9ctrica que le priv\u00f3 de la vida.<\/p>\n\n\n\n<p>&#8220;No ha habido ning\u00fan tipo de mejora, ning\u00fan tipo de reparaci\u00f3n, mucho menos una disculpa, una aceptaci\u00f3n, un acercamiento con los deudos, con su mam\u00e1&#8221;.<\/p>\n\n\n\n<p>Asegur\u00f3 que las condiciones en las que se encuentra el transformador y las l\u00edneas el\u00e9ctricas que atraviesan la calle donde ocurri\u00f3 la tragedia siguen siendo las mismas, por lo que advirti\u00f3 que puede volver a ocurrir una desgracia, ya que hay una primaria en esa misma calle<\/p>\n\n\n\n<p>El abogado de la familia de Ivemael, record\u00f3 que el pasado 27 de mayo de 2024 la familia present\u00f3 una reclamaci\u00f3n de responsabilidad patrimonial directamente ante la Comisi\u00f3n Federal, misma que no ha tenido respuesta.<\/p>\n\n\n\n<p>Por lo que este 7 de agosto la familia del menor present\u00f3 una queja y una denuncia ante el \u00d3rgano Interno de Control de CFE en la que se le hizo saber la omisi\u00f3n y los incumplimientos por parte de la empresa y que se sancione a los funcionarios que resulten responsables<\/p>\n\n\n\n<p>Por su parte, Alejandra Mena Pacheco, madre de Ivemael, mencion\u00f3 que hasta el momento CFE no se ha acercado a ellos y no pago ni gastos funerarios, ni de ning\u00fan otro tipo a su familia.<\/p>\n\n\n\n<p>&#8220;Lo \u00fanico que pedimos es que Comisi\u00f3n mantenga sus instalaciones en buenas condiciones para que esto no vuelva a pasar ellos no se han acercado, no cubrieron ning\u00fan tipo de gastos&#8221;.<\/p>\n","protected":false},"excerpt":{"rendered":"<p>Alejandro \u00c1vila Veracruz, Ver. &#8211; La Comisi\u00f3n Federal de Electricidad (CFE) se ha negado a realizar la reparaci\u00f3n del da\u00f1o a la familia del ni\u00f1o Ivemael Mena Pacheco, mencion\u00f3 el abogado, Rodrigo Rodr\u00edguez S\u00e1nchez. Cabe recordar que el pasado 29 de julio del 2023, el peque\u00f1o Ivemael de apenas 13 a\u00f1os de edad, circulaba en [&hellip;]<\/p>\n","protected":false},"author":2476,"featured_media":57395,"comment_status":"open","ping_status":"open","sticky":false,"template":"","format":"standard","meta":{"_jetpack_memberships_contains_paid_content":false,"footnotes":""},"categories":[2],"tags":[],"class_list":["post-57394","post","type-post","status-publish","format-standard","has-post-thumbnail","hentry","category-estado"],"jetpack_featured_media_url":"https:\/\/encuentroinformativo.com.mx\/wp-content\/uploads\/2024\/08\/IMG-20240808-WA0087.jpg","jetpack_sharing_enabled":true,"jetpack_likes_enabled":true,"amp_enabled":true,"_links":{"self":[{"href":"https:\/\/encuentroinformativo.com.mx\/index.php?rest_route=\/wp\/v2\/posts\/57394","targetHints":{"allow":["GET"]}}],"collection":[{"href":"https:\/\/encuentroinformativo.com.mx\/index.php?rest_route=\/wp\/v2\/posts"}],"about":[{"href":"https:\/\/encuentroinformativo.com.mx\/index.php?rest_route=\/wp\/v2\/types\/post"}],"author":[{"embeddable":true,"href":"https:\/\/encuentroinformativo.com.mx\/index.php?rest_route=\/wp\/v2\/users\/2476"}],"replies":[{"embeddable":true,"href":"https:\/\/encuentroinformativo.com.mx\/index.php?rest_route=%2Fwp%2Fv2%2Fcomments&post=57394"}],"version-history":[{"count":1,"href":"https:\/\/encuentroinformativo.com.mx\/index.php?rest_route=\/wp\/v2\/posts\/57394\/revisions"}],"predecessor-version":[{"id":57396,"href":"https:\/\/encuentroinformativo.com.mx\/index.php?rest_route=\/wp\/v2\/posts\/57394\/revisions\/57396"}],"wp:featuredmedia":[{"embeddable":true,"href":"https:\/\/encuentroinformativo.com.mx\/index.php?rest_route=\/wp\/v2\/media\/57395"}],"wp:attachment":[{"href":"https:\/\/encuentroinformativo.com.mx\/index.php?rest_route=%2Fwp%2Fv2%2Fmedia&parent=57394"}],"wp:term":[{"taxonomy":"category","embeddable":true,"href":"https:\/\/encuentroinformativo.com.mx\/index.php?rest_route=%2Fwp%2Fv2%2Fcategories&post=57394"},{"taxonomy":"post_tag","embeddable":true,"href":"https:\/\/encuentroinformativo.com.mx\/index.php?rest_route=%2Fwp%2Fv2%2Ftags&post=57394"}],"curies":[{"name":"wp","href":"https:\/\/api.w.org\/{rel}","templated":true}]}}