{"id":57397,"date":"2024-08-08T17:12:45","date_gmt":"2024-08-08T23:12:45","guid":{"rendered":"https:\/\/encuentroinformativo.com.mx\/?p=57397"},"modified":"2024-08-08T17:12:50","modified_gmt":"2024-08-08T23:12:50","slug":"fiestas-de-santa-ana-dieron-respiro-a-hoteleros","status":"publish","type":"post","link":"https:\/\/encuentroinformativo.com.mx\/?p=57397","title":{"rendered":"Fiestas de Santa Ana dieron respiro a hoteleros"},"content":{"rendered":"\n<p><strong>Alejandro \u00c1vila<\/strong><\/p>\n\n\n\n<p>Veracruz, Ver.- Las fiestas de Santa Ana en el municipio de Boca del R\u00edo lograron que hubiera un peque\u00f1o repunte en la ocupaci\u00f3n hotelera de la zona conurbada, pues el porcentaje hasta el momento en la &#8220;temporada alta&#8221; ha sido de solo el 70 por ciento, mencion\u00f3 el presidente de la Asociaci\u00f3n de Hoteles y Moteles, C\u00e9sar Mu\u00f1iz Cuervo<\/p>\n\n\n\n<p>&#8220;La semana pasada tuvimos una ocupaci\u00f3n promedio de un 70 por ciento, fue un poquito menor a la ocupaci\u00f3n que se tuvo la semana pasada que recordemos tuvimos las fiestas de Santa Ana, y ah\u00ed es donde pudimos ver que las fiestas de Santa Ana tur\u00edsticamente s\u00ed tuvieron un impacto positivo, entonces es algo muy importante que tenemos que seguir trabajando&#8221;, expres\u00f3.<\/p>\n\n\n\n<p>El empresario hotelero reconoci\u00f3 que si bien las lluvias han &#8220;espantado&#8221; a los turistas ya que normalmente acuden a las playas, expres\u00f3 que existen otras opciones atractivas para visitar en toda la regi\u00f3n &#8220;Primeros Pasos de Cort\u00e9s&#8221;, entre gastronom\u00eda, y actividades deportivas y culturales.<\/p>\n\n\n\n<p>&#8220;Que vengan, y a pesar de que haya lluvia puedan recorrer todas las zonas que tenemos de la regi\u00f3n tur\u00edstica, pasando desde Cempoala, Chachalacas, hasta Tlacotalpan y Alvarado, y tambi\u00e9n la Riviera Veracruzana ya hay muchas actividades para realizar, que se pueden hacer a\u00fan habiendo lluvia, y bueno, estamos ya preparados para recibirlos&#8221;, remarc\u00f3.<\/p>\n","protected":false},"excerpt":{"rendered":"<p>Alejandro \u00c1vila Veracruz, Ver.- Las fiestas de Santa Ana en el municipio de Boca del R\u00edo lograron que hubiera un peque\u00f1o repunte en la ocupaci\u00f3n hotelera de la zona conurbada, pues el porcentaje hasta el momento en la &#8220;temporada alta&#8221; ha sido de solo el 70 por ciento, mencion\u00f3 el presidente de la Asociaci\u00f3n de [&hellip;]<\/p>\n","protected":false},"author":2476,"featured_media":57398,"comment_status":"open","ping_status":"open","sticky":false,"template":"","format":"standard","meta":{"_jetpack_memberships_contains_paid_content":false,"footnotes":""},"categories":[2],"tags":[],"class_list":["post-57397","post","type-post","status-publish","format-standard","has-post-thumbnail","hentry","category-estado"],"jetpack_featured_media_url":"https:\/\/encuentroinformativo.com.mx\/wp-content\/uploads\/2024\/08\/IMG-20240808-WA0097.jpg","jetpack_sharing_enabled":true,"jetpack_likes_enabled":true,"amp_enabled":true,"_links":{"self":[{"href":"https:\/\/encuentroinformativo.com.mx\/index.php?rest_route=\/wp\/v2\/posts\/57397","targetHints":{"allow":["GET"]}}],"collection":[{"href":"https:\/\/encuentroinformativo.com.mx\/index.php?rest_route=\/wp\/v2\/posts"}],"about":[{"href":"https:\/\/encuentroinformativo.com.mx\/index.php?rest_route=\/wp\/v2\/types\/post"}],"author":[{"embeddable":true,"href":"https:\/\/encuentroinformativo.com.mx\/index.php?rest_route=\/wp\/v2\/users\/2476"}],"replies":[{"embeddable":true,"href":"https:\/\/encuentroinformativo.com.mx\/index.php?rest_route=%2Fwp%2Fv2%2Fcomments&post=57397"}],"version-history":[{"count":1,"href":"https:\/\/encuentroinformativo.com.mx\/index.php?rest_route=\/wp\/v2\/posts\/57397\/revisions"}],"predecessor-version":[{"id":57399,"href":"https:\/\/encuentroinformativo.com.mx\/index.php?rest_route=\/wp\/v2\/posts\/57397\/revisions\/57399"}],"wp:featuredmedia":[{"embeddable":true,"href":"https:\/\/encuentroinformativo.com.mx\/index.php?rest_route=\/wp\/v2\/media\/57398"}],"wp:attachment":[{"href":"https:\/\/encuentroinformativo.com.mx\/index.php?rest_route=%2Fwp%2Fv2%2Fmedia&parent=57397"}],"wp:term":[{"taxonomy":"category","embeddable":true,"href":"https:\/\/encuentroinformativo.com.mx\/index.php?rest_route=%2Fwp%2Fv2%2Fcategories&post=57397"},{"taxonomy":"post_tag","embeddable":true,"href":"https:\/\/encuentroinformativo.com.mx\/index.php?rest_route=%2Fwp%2Fv2%2Ftags&post=57397"}],"curies":[{"name":"wp","href":"https:\/\/api.w.org\/{rel}","templated":true}]}}