{"id":57403,"date":"2024-08-08T17:31:49","date_gmt":"2024-08-08T23:31:49","guid":{"rendered":"https:\/\/encuentroinformativo.com.mx\/?p=57403"},"modified":"2024-08-08T17:31:55","modified_gmt":"2024-08-08T23:31:55","slug":"familiares-piden-ayuda-de-autoridades-para-localizar-a-maestro-desaparecido-en-alamo","status":"publish","type":"post","link":"https:\/\/encuentroinformativo.com.mx\/?p=57403","title":{"rendered":"Familiares piden ayuda de autoridades para localizar a maestro desaparecido en \u00c1lamo"},"content":{"rendered":"\n<p><strong>Dar\u00edo Pale <\/strong><\/p>\n\n\n\n<p>Xalapa, Ver.- Protestan por maestro desaparecido en \u00c1lamo, por lo que llevan a cabo cierres intermitentes de la calle Enr\u00edquez, en el centro de esta capital, los Familiares del maestro Diego Yasmar Barrales, desaparecido el pasado 6 de agosto en dicho municipio.<\/p>\n\n\n\n<p>En entrevista, expusieron que desapareci\u00f3 alrededor de las 16:30 horas de hace dos d\u00edas, el d\u00eda de ayer mi\u00e9rcoles fue localizada su camioneta, pero siguen sin saber nada de \u00e9l.<\/p>\n\n\n\n<p>&#8220;Nuestra inconformidad es porque no hubo peritos ni nada para la camioneta. No nos han dado una respuesta, no nos han dicho si \u00e9l est\u00e1 bien, entonces pedimos encarecidamente al Gobernador ponga manos a la obra para la b\u00fasqueda, porque se lo llevaron vivo y vivo lo queremos&#8221;, expres\u00f3 una de las familiares.<\/p>\n\n\n\n<p>Expuso que Yasmar Barrales es un hombre de bien, es maestro de Telebachillerato y la \u00faltima vez que tuvieron contacto fue el d\u00eda 6 alrededor de las 16:30 horas.<\/p>\n\n\n\n<p>Por \u00faltimo lamentaron que la Fiscal\u00eda General no les ha dado ning\u00fan avance y consideraron que no lo est\u00e1n buscando, ya que la camioneta fue encontrada en un terreno que anteriormente era una f\u00e1brica de hielo.<\/p>\n","protected":false},"excerpt":{"rendered":"<p>Dar\u00edo Pale Xalapa, Ver.- Protestan por maestro desaparecido en \u00c1lamo, por lo que llevan a cabo cierres intermitentes de la calle Enr\u00edquez, en el centro de esta capital, los Familiares del maestro Diego Yasmar Barrales, desaparecido el pasado 6 de agosto en dicho municipio. En entrevista, expusieron que desapareci\u00f3 alrededor de las 16:30 horas de [&hellip;]<\/p>\n","protected":false},"author":2476,"featured_media":57404,"comment_status":"open","ping_status":"open","sticky":false,"template":"","format":"standard","meta":{"_jetpack_memberships_contains_paid_content":false,"footnotes":""},"categories":[2],"tags":[],"class_list":["post-57403","post","type-post","status-publish","format-standard","has-post-thumbnail","hentry","category-estado"],"jetpack_featured_media_url":"https:\/\/encuentroinformativo.com.mx\/wp-content\/uploads\/2024\/08\/IMG-20240808-WA0070.jpg","jetpack_sharing_enabled":true,"jetpack_likes_enabled":true,"amp_enabled":true,"_links":{"self":[{"href":"https:\/\/encuentroinformativo.com.mx\/index.php?rest_route=\/wp\/v2\/posts\/57403","targetHints":{"allow":["GET"]}}],"collection":[{"href":"https:\/\/encuentroinformativo.com.mx\/index.php?rest_route=\/wp\/v2\/posts"}],"about":[{"href":"https:\/\/encuentroinformativo.com.mx\/index.php?rest_route=\/wp\/v2\/types\/post"}],"author":[{"embeddable":true,"href":"https:\/\/encuentroinformativo.com.mx\/index.php?rest_route=\/wp\/v2\/users\/2476"}],"replies":[{"embeddable":true,"href":"https:\/\/encuentroinformativo.com.mx\/index.php?rest_route=%2Fwp%2Fv2%2Fcomments&post=57403"}],"version-history":[{"count":1,"href":"https:\/\/encuentroinformativo.com.mx\/index.php?rest_route=\/wp\/v2\/posts\/57403\/revisions"}],"predecessor-version":[{"id":57405,"href":"https:\/\/encuentroinformativo.com.mx\/index.php?rest_route=\/wp\/v2\/posts\/57403\/revisions\/57405"}],"wp:featuredmedia":[{"embeddable":true,"href":"https:\/\/encuentroinformativo.com.mx\/index.php?rest_route=\/wp\/v2\/media\/57404"}],"wp:attachment":[{"href":"https:\/\/encuentroinformativo.com.mx\/index.php?rest_route=%2Fwp%2Fv2%2Fmedia&parent=57403"}],"wp:term":[{"taxonomy":"category","embeddable":true,"href":"https:\/\/encuentroinformativo.com.mx\/index.php?rest_route=%2Fwp%2Fv2%2Fcategories&post=57403"},{"taxonomy":"post_tag","embeddable":true,"href":"https:\/\/encuentroinformativo.com.mx\/index.php?rest_route=%2Fwp%2Fv2%2Ftags&post=57403"}],"curies":[{"name":"wp","href":"https:\/\/api.w.org\/{rel}","templated":true}]}}