{"id":57409,"date":"2024-08-08T17:47:09","date_gmt":"2024-08-08T23:47:09","guid":{"rendered":"https:\/\/encuentroinformativo.com.mx\/?p=57409"},"modified":"2024-08-08T17:47:15","modified_gmt":"2024-08-08T23:47:15","slug":"respalda-ivai-reformas-en-materia-de-acceso-a-la-informacion","status":"publish","type":"post","link":"https:\/\/encuentroinformativo.com.mx\/?p=57409","title":{"rendered":"Respalda IVAI reformas en materia de acceso a la informaci\u00f3n"},"content":{"rendered":"\n<p><strong>Dar\u00edo Pale <\/strong><\/p>\n\n\n\n<p>Xalapa, Ver.- El consejero presidente del Instituto Veracruzano de Acceso a la Informaci\u00f3n, David Jim\u00e9nez Rojas, respald\u00f3 las propuestas de reforma que consoliden la rendici\u00f3n de cuentas en M\u00e9xico.<\/p>\n\n\n\n<p>Asever\u00f3 que el pleno del Instituto se deslinda del comunicado emitido por el INAI, en donde asegura que estamos en contra de la Iniciativa de la Reforma Constitucional en Materia de Acceso a la Informaci\u00f3n y Protecci\u00f3n de Datos Personales.<\/p>\n\n\n\n<p>&#8220;Quienes integramos el Pleno del IVAI reconocemos que las reformas propuestas son esenciales para seguir avanzando en la consolidaci\u00f3n de un Estado que responda a las demandas de apertura, rendici\u00f3n de cuentas y protecci\u00f3n de datos personales de la ciudadan\u00eda&#8221;, expres\u00f3.<\/p>\n\n\n\n<p>Sostuvo que est\u00e1n en la mejor disposici\u00f3n de transitar con la reforma y seguir reforzando el derecho de acceso a la informaci\u00f3n y protecci\u00f3n de datos personales a trav\u00e9s de los entes que se establezcan de acuerdo a la normativa surja a ra\u00edz de la reforma de m\u00e9rito.<\/p>\n\n\n\n<p>Cabe mencionar que comisionados del Instituto Nacional de Transparencia, Acceso a la Informaci\u00f3n y Protecci\u00f3n de Datos Personales (INAI) se opusieron a la iniciativa de reforma constitucional que busca desarticular a los organismos garantes de la transparencia y transferir sus atribuciones a instituciones gubernamentales.<\/p>\n\n\n\n<p>Dicho pronunciamiento se realiz\u00f3 durante una reuni\u00f3n entre los comisionados del INAI y la Coordinadora de los Organismos Garantes de las Entidades Federativas del Sistema Nacional de Transparencia (SNT).<\/p>\n","protected":false},"excerpt":{"rendered":"<p>Dar\u00edo Pale Xalapa, Ver.- El consejero presidente del Instituto Veracruzano de Acceso a la Informaci\u00f3n, David Jim\u00e9nez Rojas, respald\u00f3 las propuestas de reforma que consoliden la rendici\u00f3n de cuentas en M\u00e9xico. Asever\u00f3 que el pleno del Instituto se deslinda del comunicado emitido por el INAI, en donde asegura que estamos en contra de la Iniciativa [&hellip;]<\/p>\n","protected":false},"author":2476,"featured_media":57410,"comment_status":"open","ping_status":"open","sticky":false,"template":"","format":"standard","meta":{"_jetpack_memberships_contains_paid_content":false,"footnotes":""},"categories":[2],"tags":[],"class_list":["post-57409","post","type-post","status-publish","format-standard","has-post-thumbnail","hentry","category-estado"],"jetpack_featured_media_url":"https:\/\/encuentroinformativo.com.mx\/wp-content\/uploads\/2024\/08\/IMG-20240808-WA0088.jpg","jetpack_sharing_enabled":true,"jetpack_likes_enabled":true,"amp_enabled":true,"_links":{"self":[{"href":"https:\/\/encuentroinformativo.com.mx\/index.php?rest_route=\/wp\/v2\/posts\/57409","targetHints":{"allow":["GET"]}}],"collection":[{"href":"https:\/\/encuentroinformativo.com.mx\/index.php?rest_route=\/wp\/v2\/posts"}],"about":[{"href":"https:\/\/encuentroinformativo.com.mx\/index.php?rest_route=\/wp\/v2\/types\/post"}],"author":[{"embeddable":true,"href":"https:\/\/encuentroinformativo.com.mx\/index.php?rest_route=\/wp\/v2\/users\/2476"}],"replies":[{"embeddable":true,"href":"https:\/\/encuentroinformativo.com.mx\/index.php?rest_route=%2Fwp%2Fv2%2Fcomments&post=57409"}],"version-history":[{"count":1,"href":"https:\/\/encuentroinformativo.com.mx\/index.php?rest_route=\/wp\/v2\/posts\/57409\/revisions"}],"predecessor-version":[{"id":57411,"href":"https:\/\/encuentroinformativo.com.mx\/index.php?rest_route=\/wp\/v2\/posts\/57409\/revisions\/57411"}],"wp:featuredmedia":[{"embeddable":true,"href":"https:\/\/encuentroinformativo.com.mx\/index.php?rest_route=\/wp\/v2\/media\/57410"}],"wp:attachment":[{"href":"https:\/\/encuentroinformativo.com.mx\/index.php?rest_route=%2Fwp%2Fv2%2Fmedia&parent=57409"}],"wp:term":[{"taxonomy":"category","embeddable":true,"href":"https:\/\/encuentroinformativo.com.mx\/index.php?rest_route=%2Fwp%2Fv2%2Fcategories&post=57409"},{"taxonomy":"post_tag","embeddable":true,"href":"https:\/\/encuentroinformativo.com.mx\/index.php?rest_route=%2Fwp%2Fv2%2Ftags&post=57409"}],"curies":[{"name":"wp","href":"https:\/\/api.w.org\/{rel}","templated":true}]}}