{"id":57434,"date":"2024-08-09T14:26:05","date_gmt":"2024-08-09T20:26:05","guid":{"rendered":"https:\/\/encuentroinformativo.com.mx\/?p=57434"},"modified":"2024-08-09T14:26:11","modified_gmt":"2024-08-09T20:26:11","slug":"oferta-colver-especialidad-en-derecho-ambiental","status":"publish","type":"post","link":"https:\/\/encuentroinformativo.com.mx\/?p=57434","title":{"rendered":"Oferta COLVER especialidad en Derecho Ambiental"},"content":{"rendered":"\n<p><strong>Dar\u00edo Pale <\/strong><\/p>\n\n\n\n<p>Xalapa, Ver.- El Colegio de Veracruz (COLVER) ofrece la Especialidad en Pol\u00edtica y Derecho Ambiental, con lo cual contin\u00faa ampliando su oferta acad\u00e9mica, as\u00ed lo dio a conocer la subdirectora de Educaci\u00f3n Continua y a Distancia, Laura Bello Reyes y la coordinadora del posgrado Monserrat Vidal \u00c1lvarez.<\/p>\n\n\n\n<p>En conferencia de prensa, detallaron que a trav\u00e9s de la Academia en Desarrollo Regional Sustentable, se ofertar\u00e1, en su segunda generaci\u00f3n, la Especialidad en Pol\u00edtica y Derecho Ambiental.\u00a0<\/p>\n\n\n\n<p>Al respecto, comentaron que dicho posgrado tiene como objetivo formar especialistas con s\u00f3lidos conocimientos te\u00f3ricos y pr\u00e1cticos en materia de pol\u00edtica y derecho ambiental que les permita colaborar, desde el ejercicio profesional, el servicio p\u00fablico, la docencia, sector empresarial y sociedad civil en la construcci\u00f3n del desarrollo sustentable con un alto sentido de responsabilidad social.<\/p>\n\n\n\n<p>Asimismo, comentaron que la especialidad est\u00e1 dirigida particularmente a aquellas personas que hayan concluido estudios de licenciatura en cualquier campo de las ciencias sociales, derecho, ciencias biol\u00f3gicas y ambientales, ingenier\u00edas, ciencias de la salud o licenciatura en cualquier otro campo.\u00a0<\/p>\n\n\n\n<p>Preferentemente deben contar con alto inter\u00e9s en la gesti\u00f3n de los recursos naturales, la pol\u00edtica y el derecho ambiental y que a juicio de la Instituci\u00f3n pueda integrarse con \u00e9xito al programa.<\/p>\n\n\n\n<p>El programa tiene duraci\u00f3n de un a\u00f1o, iniciar\u00e1 el 6 de septiembre de 2024 y concluir\u00e1 durante el mes de agosto de 2025.\u00a0<\/p>\n\n\n\n<p>Las sesiones se llevar\u00e1n a cabo los d\u00edas viernes de 16:00 a 20:00 horas, en las instalaciones del centro de El Colegio de Veracruz.<\/p>\n\n\n\n<p>Con respecto al costo y formas de pago informaron que la inscripci\u00f3n \u00fanica es de $2,500.00 (dos mil quinientos pesos 00\/100 \u039c.\u039d.). La mensualidad: $2,000.00 (dos mil pesos 00\/100 M.N.).<\/p>\n\n\n\n<p>Adem\u00e1s habr\u00e1 una beca del 30% de descuento para servidores p\u00fablicos.<\/p>\n\n\n\n<p>Los requisitos necesarios, el programa completo y los formatos de inscripci\u00f3n ser\u00e1n proporcionados por El Colegio de Veracruz o se podr\u00e1n consultar en el sitio web:\u00a0<a rel=\"noreferrer noopener\" href=\"http:\/\/www.colver.edu.mx\/\" target=\"_blank\">www.colver.edu.mx<\/a>.<\/p>\n","protected":false},"excerpt":{"rendered":"<p>Dar\u00edo Pale Xalapa, Ver.- El Colegio de Veracruz (COLVER) ofrece la Especialidad en Pol\u00edtica y Derecho Ambiental, con lo cual contin\u00faa ampliando su oferta acad\u00e9mica, as\u00ed lo dio a conocer la subdirectora de Educaci\u00f3n Continua y a Distancia, Laura Bello Reyes y la coordinadora del posgrado Monserrat Vidal \u00c1lvarez. En conferencia de prensa, detallaron que [&hellip;]<\/p>\n","protected":false},"author":2476,"featured_media":57435,"comment_status":"open","ping_status":"open","sticky":false,"template":"","format":"standard","meta":{"_jetpack_memberships_contains_paid_content":false,"footnotes":""},"categories":[2],"tags":[],"class_list":["post-57434","post","type-post","status-publish","format-standard","has-post-thumbnail","hentry","category-estado"],"jetpack_featured_media_url":"https:\/\/encuentroinformativo.com.mx\/wp-content\/uploads\/2024\/08\/IMG-20240809-WA0028.jpg","jetpack_sharing_enabled":true,"jetpack_likes_enabled":true,"amp_enabled":true,"_links":{"self":[{"href":"https:\/\/encuentroinformativo.com.mx\/index.php?rest_route=\/wp\/v2\/posts\/57434","targetHints":{"allow":["GET"]}}],"collection":[{"href":"https:\/\/encuentroinformativo.com.mx\/index.php?rest_route=\/wp\/v2\/posts"}],"about":[{"href":"https:\/\/encuentroinformativo.com.mx\/index.php?rest_route=\/wp\/v2\/types\/post"}],"author":[{"embeddable":true,"href":"https:\/\/encuentroinformativo.com.mx\/index.php?rest_route=\/wp\/v2\/users\/2476"}],"replies":[{"embeddable":true,"href":"https:\/\/encuentroinformativo.com.mx\/index.php?rest_route=%2Fwp%2Fv2%2Fcomments&post=57434"}],"version-history":[{"count":1,"href":"https:\/\/encuentroinformativo.com.mx\/index.php?rest_route=\/wp\/v2\/posts\/57434\/revisions"}],"predecessor-version":[{"id":57436,"href":"https:\/\/encuentroinformativo.com.mx\/index.php?rest_route=\/wp\/v2\/posts\/57434\/revisions\/57436"}],"wp:featuredmedia":[{"embeddable":true,"href":"https:\/\/encuentroinformativo.com.mx\/index.php?rest_route=\/wp\/v2\/media\/57435"}],"wp:attachment":[{"href":"https:\/\/encuentroinformativo.com.mx\/index.php?rest_route=%2Fwp%2Fv2%2Fmedia&parent=57434"}],"wp:term":[{"taxonomy":"category","embeddable":true,"href":"https:\/\/encuentroinformativo.com.mx\/index.php?rest_route=%2Fwp%2Fv2%2Fcategories&post=57434"},{"taxonomy":"post_tag","embeddable":true,"href":"https:\/\/encuentroinformativo.com.mx\/index.php?rest_route=%2Fwp%2Fv2%2Ftags&post=57434"}],"curies":[{"name":"wp","href":"https:\/\/api.w.org\/{rel}","templated":true}]}}