{"id":57440,"date":"2024-08-09T14:49:51","date_gmt":"2024-08-09T20:49:51","guid":{"rendered":"https:\/\/encuentroinformativo.com.mx\/?p=57440"},"modified":"2024-08-09T14:49:56","modified_gmt":"2024-08-09T20:49:56","slug":"impulsan-a-emprendedores-en-emiliano-zapata","status":"publish","type":"post","link":"https:\/\/encuentroinformativo.com.mx\/?p=57440","title":{"rendered":"Impulsan a emprendedores en Emiliano Zapata"},"content":{"rendered":"\n<p><strong>Dar\u00edo Pale<\/strong><\/p>\n\n\n\n<p>Xalapa, Ver.- Impulsan a los emprendedores locales a trav\u00e9s del Mercadito Comunitario, una iniciativa que se realiza mensualmente en la Plaza Jacarandas sin ning\u00fan costo para los participantes, as\u00ed lo dio a conocer el presidente municipal de Emiliano Zapata, Erik Ru\u00edz.<\/p>\n\n\n\n<p>En entrevista se\u00f1al\u00f3 que, \u201ces una iniciativa que surge a trav\u00e9s de la recuperaci\u00f3n de espacios p\u00fablicos y la solicitud de los artesanos, productores y los que desarrollan ideas de emprendimiento en la zona conurbada y comunidades de Emiliano Zapata de comercializarlos y fue como rescatamos este espacio\u201d, explic\u00f3 el alcalde.<\/p>\n\n\n\n<p>Ruiz Hern\u00e1ndez tambi\u00e9n mencion\u00f3 que se ha trabajado para que el Mercadito Comunitario cuente con m\u00e1s actividades que atraigan a la ciudadan\u00eda.\u00a0<\/p>\n\n\n\n<p>Tan s\u00f3lo en la Plaza Jacarandas, reci\u00e9n inaugurada, adem\u00e1s del mercadito comunitario, los asistentes podr\u00e1n disfrutar de actividades art\u00edsticas en el foro cultural, un \u00e1rea de juegos infantiles, una skate plaza y una plaza c\u00edvica.<\/p>\n\n\n\n<p>El objetivo de esta iniciativa es impulsar la econom\u00eda local y apoyar a los emprendedores para que puedan incrementar sus ventas.\u00a0<br>A la fecha, el Mercadito Comunitario ha beneficiado a 80 emprendedores, atrayendo a m\u00e1s de 20 mil habitantes de la zona como consumidores.<\/p>\n\n\n\n<p>El alcalde destac\u00f3 que el ayuntamiento brinda apoyo a los participantes, ofreci\u00e9ndoles el espacio, mesas, sillas, publicidad y sonido, para que puedan contar con un lugar digno donde vender sus productos.<\/p>\n\n\n\n<p>Por \u00faltimo coment\u00f3 que, el pr\u00f3ximo Mercadito Comunitario se llevar\u00e1 a cabo el s\u00e1bado 10 de agosto en la Plaza Jacarandas, donde se espera una gran participaci\u00f3n tanto de emprendedores como de la comunidad.<\/p>\n","protected":false},"excerpt":{"rendered":"<p>Dar\u00edo Pale Xalapa, Ver.- Impulsan a los emprendedores locales a trav\u00e9s del Mercadito Comunitario, una iniciativa que se realiza mensualmente en la Plaza Jacarandas sin ning\u00fan costo para los participantes, as\u00ed lo dio a conocer el presidente municipal de Emiliano Zapata, Erik Ru\u00edz. En entrevista se\u00f1al\u00f3 que, \u201ces una iniciativa que surge a trav\u00e9s de [&hellip;]<\/p>\n","protected":false},"author":2476,"featured_media":57441,"comment_status":"open","ping_status":"open","sticky":false,"template":"","format":"standard","meta":{"_jetpack_memberships_contains_paid_content":false,"footnotes":""},"categories":[8],"tags":[],"class_list":["post-57440","post","type-post","status-publish","format-standard","has-post-thumbnail","hentry","category-region"],"jetpack_featured_media_url":"https:\/\/encuentroinformativo.com.mx\/wp-content\/uploads\/2024\/08\/IMG-20240809-WA0043.jpg","jetpack_sharing_enabled":true,"jetpack_likes_enabled":true,"amp_enabled":true,"_links":{"self":[{"href":"https:\/\/encuentroinformativo.com.mx\/index.php?rest_route=\/wp\/v2\/posts\/57440","targetHints":{"allow":["GET"]}}],"collection":[{"href":"https:\/\/encuentroinformativo.com.mx\/index.php?rest_route=\/wp\/v2\/posts"}],"about":[{"href":"https:\/\/encuentroinformativo.com.mx\/index.php?rest_route=\/wp\/v2\/types\/post"}],"author":[{"embeddable":true,"href":"https:\/\/encuentroinformativo.com.mx\/index.php?rest_route=\/wp\/v2\/users\/2476"}],"replies":[{"embeddable":true,"href":"https:\/\/encuentroinformativo.com.mx\/index.php?rest_route=%2Fwp%2Fv2%2Fcomments&post=57440"}],"version-history":[{"count":1,"href":"https:\/\/encuentroinformativo.com.mx\/index.php?rest_route=\/wp\/v2\/posts\/57440\/revisions"}],"predecessor-version":[{"id":57442,"href":"https:\/\/encuentroinformativo.com.mx\/index.php?rest_route=\/wp\/v2\/posts\/57440\/revisions\/57442"}],"wp:featuredmedia":[{"embeddable":true,"href":"https:\/\/encuentroinformativo.com.mx\/index.php?rest_route=\/wp\/v2\/media\/57441"}],"wp:attachment":[{"href":"https:\/\/encuentroinformativo.com.mx\/index.php?rest_route=%2Fwp%2Fv2%2Fmedia&parent=57440"}],"wp:term":[{"taxonomy":"category","embeddable":true,"href":"https:\/\/encuentroinformativo.com.mx\/index.php?rest_route=%2Fwp%2Fv2%2Fcategories&post=57440"},{"taxonomy":"post_tag","embeddable":true,"href":"https:\/\/encuentroinformativo.com.mx\/index.php?rest_route=%2Fwp%2Fv2%2Ftags&post=57440"}],"curies":[{"name":"wp","href":"https:\/\/api.w.org\/{rel}","templated":true}]}}