{"id":57443,"date":"2024-08-09T15:26:08","date_gmt":"2024-08-09T21:26:08","guid":{"rendered":"https:\/\/encuentroinformativo.com.mx\/?p=57443"},"modified":"2024-08-09T15:26:18","modified_gmt":"2024-08-09T21:26:18","slug":"en-veracruz-se-requiere-educacion-bilingue-colectivo-indigena","status":"publish","type":"post","link":"https:\/\/encuentroinformativo.com.mx\/?p=57443","title":{"rendered":"En Veracruz se requiere educaci\u00f3n biling\u00fce: Colectivo Ind\u00edgena"},"content":{"rendered":"\n<p><strong>Dar\u00edo Pale <\/strong><\/p>\n\n\n\n<p>Xalapa, Ver.- En el marco del d\u00eda internacional de los pueblos ind\u00edgenas, en Veracruz, hace falta \u00a0una adecuada educaci\u00f3n biling\u00fce, ya que los docentes biling\u00fces desconocen la cosmovisi\u00f3n ind\u00edgena.<\/p>\n\n\n\n<p>En conferencia de prensa el coordinador de Colectivo Intercultural Ind\u00edgena, Luis Gerardo Cort\u00e9s Hern\u00e1ndez, precis\u00f3 que en el marco del D\u00eda Internacional de los Pueblos Ind\u00edgenas, en Veracruz hace falta una adecuada educaci\u00f3n biling\u00fce.<\/p>\n\n\n\n<p>&#8220;La necesidad de contar con docentes que de verdad conozcan el idioma, que la educaci\u00f3n sea culturalmente adecuada, e insistir en eso de que los docentes biling\u00fces, que conozcan la cosmovisi\u00f3n de las regiones en donde dan clases&#8221;, se\u00f1al\u00f3.<\/p>\n\n\n\n<p>Por \u00faltimo Cort\u00e9s Hern\u00e1ndez precis\u00f3 que el colectivo tiene m\u00e1s de un a\u00f1o &#8220;y ya sido nuestra aportaci\u00f3n de crear academia y visibilizar la importancia de las lenguas ind\u00edgenas y de todos los derechos que tienen que existir dentro de las comunidades indigenas&#8221;.<\/p>\n","protected":false},"excerpt":{"rendered":"<p>Dar\u00edo Pale Xalapa, Ver.- En el marco del d\u00eda internacional de los pueblos ind\u00edgenas, en Veracruz, hace falta \u00a0una adecuada educaci\u00f3n biling\u00fce, ya que los docentes biling\u00fces desconocen la cosmovisi\u00f3n ind\u00edgena. En conferencia de prensa el coordinador de Colectivo Intercultural Ind\u00edgena, Luis Gerardo Cort\u00e9s Hern\u00e1ndez, precis\u00f3 que en el marco del D\u00eda Internacional de los [&hellip;]<\/p>\n","protected":false},"author":2476,"featured_media":57444,"comment_status":"open","ping_status":"open","sticky":false,"template":"","format":"standard","meta":{"_jetpack_memberships_contains_paid_content":false,"footnotes":""},"categories":[2],"tags":[],"class_list":["post-57443","post","type-post","status-publish","format-standard","has-post-thumbnail","hentry","category-estado"],"jetpack_featured_media_url":"https:\/\/encuentroinformativo.com.mx\/wp-content\/uploads\/2024\/08\/IMG-20240809-WA0046.jpg","jetpack_sharing_enabled":true,"jetpack_likes_enabled":true,"amp_enabled":true,"_links":{"self":[{"href":"https:\/\/encuentroinformativo.com.mx\/index.php?rest_route=\/wp\/v2\/posts\/57443","targetHints":{"allow":["GET"]}}],"collection":[{"href":"https:\/\/encuentroinformativo.com.mx\/index.php?rest_route=\/wp\/v2\/posts"}],"about":[{"href":"https:\/\/encuentroinformativo.com.mx\/index.php?rest_route=\/wp\/v2\/types\/post"}],"author":[{"embeddable":true,"href":"https:\/\/encuentroinformativo.com.mx\/index.php?rest_route=\/wp\/v2\/users\/2476"}],"replies":[{"embeddable":true,"href":"https:\/\/encuentroinformativo.com.mx\/index.php?rest_route=%2Fwp%2Fv2%2Fcomments&post=57443"}],"version-history":[{"count":1,"href":"https:\/\/encuentroinformativo.com.mx\/index.php?rest_route=\/wp\/v2\/posts\/57443\/revisions"}],"predecessor-version":[{"id":57445,"href":"https:\/\/encuentroinformativo.com.mx\/index.php?rest_route=\/wp\/v2\/posts\/57443\/revisions\/57445"}],"wp:featuredmedia":[{"embeddable":true,"href":"https:\/\/encuentroinformativo.com.mx\/index.php?rest_route=\/wp\/v2\/media\/57444"}],"wp:attachment":[{"href":"https:\/\/encuentroinformativo.com.mx\/index.php?rest_route=%2Fwp%2Fv2%2Fmedia&parent=57443"}],"wp:term":[{"taxonomy":"category","embeddable":true,"href":"https:\/\/encuentroinformativo.com.mx\/index.php?rest_route=%2Fwp%2Fv2%2Fcategories&post=57443"},{"taxonomy":"post_tag","embeddable":true,"href":"https:\/\/encuentroinformativo.com.mx\/index.php?rest_route=%2Fwp%2Fv2%2Ftags&post=57443"}],"curies":[{"name":"wp","href":"https:\/\/api.w.org\/{rel}","templated":true}]}}