{"id":57446,"date":"2024-08-09T15:41:21","date_gmt":"2024-08-09T21:41:21","guid":{"rendered":"https:\/\/encuentroinformativo.com.mx\/?p=57446"},"modified":"2024-08-09T15:41:28","modified_gmt":"2024-08-09T21:41:28","slug":"desconoce-congreso-fecha-para-ultimo-informe-de-gobierno","status":"publish","type":"post","link":"https:\/\/encuentroinformativo.com.mx\/?p=57446","title":{"rendered":"Desconoce Congreso fecha para \u00faltimo informe de Gobierno"},"content":{"rendered":"\n<p><strong>Dar\u00edo Pale <\/strong><\/p>\n\n\n\n<p>Xalapa, Ver.- Al Congreso del Estado no ha llegado el aviso para que el gobernador Cuitl\u00e1huac Garc\u00eda Jim\u00e9nez rinda su Sexto y \u00faltimo informe de labores el pr\u00f3ximo 18 de agosto, as\u00ed lo dio a conocer la presidenta de la mesa directiva, Mar\u00eda Esther Mart\u00ednez.<\/p>\n\n\n\n<p>En entrevista se\u00f1al\u00f3 que a pesar de ello, van a esperar los tiempos para que le den aviso a los legisladores tal y como se establece la norma.\u00a0<\/p>\n\n\n\n<p>\u201cNo hemos tocado aqu\u00ed ese tema, seremos respetuosos de los tiempos, de los momentos, aqu\u00ed no hemos tocado el tema ni con \u00e9l ni con nadie y vamos a ser respetuosos de sus decisiones\u201d, se\u00f1al\u00f3.<\/p>\n\n\n\n<p>Mencion\u00f3 que desconoce la fecha en la que se va a ir el gobernador del estado previo a la conclusi\u00f3n de su administraci\u00f3n, pues no les ha informado nada oficialmente.<\/p>\n\n\n\n<p>Hay que recordar que el mandatario ha dicho que presentar\u00e1 su \u00faltimo informe de labores en d\u00eda 18 de agosto en el Puerto de Veracruz pues se presume que se sumar\u00e1 al gobierno de la Presidenta Claudia Sheinbaum.<\/p>\n\n\n\n<p>\u201cNada, no hay ning\u00fan comentario al respecto. Oficial no nos han hecho llegar todav\u00eda nada, esperemos que el lunes o martes, estamos apenas al d\u00eda 9, esperemos y con gusto cuando nos hagan llegar la invitaci\u00f3n para su informe lo haremos saber\u201d, coment\u00f3.<\/p>\n\n\n\n<p>Destac\u00f3 que a tres meses de que concluya la administraci\u00f3n la ciudadan\u00eda espera que el Gobierno siga trabajando a favor de los veracruzanos atendiendo todas las necesidades. \u00a0<\/p>\n\n\n\n<p>Por \u00faltimo dijo que, \u201cdesde lo federal y estatal, vamos a cerrar con mucha energ\u00eda. Todo se est\u00e1 atendiendo conforme llegan los asuntos, se est\u00e1n atendiendo\u201d.<\/p>\n","protected":false},"excerpt":{"rendered":"<p>Dar\u00edo Pale Xalapa, Ver.- Al Congreso del Estado no ha llegado el aviso para que el gobernador Cuitl\u00e1huac Garc\u00eda Jim\u00e9nez rinda su Sexto y \u00faltimo informe de labores el pr\u00f3ximo 18 de agosto, as\u00ed lo dio a conocer la presidenta de la mesa directiva, Mar\u00eda Esther Mart\u00ednez. En entrevista se\u00f1al\u00f3 que a pesar de ello, [&hellip;]<\/p>\n","protected":false},"author":2476,"featured_media":57447,"comment_status":"open","ping_status":"open","sticky":false,"template":"","format":"standard","meta":{"_jetpack_memberships_contains_paid_content":false,"footnotes":""},"categories":[2],"tags":[],"class_list":["post-57446","post","type-post","status-publish","format-standard","has-post-thumbnail","hentry","category-estado"],"jetpack_featured_media_url":"https:\/\/encuentroinformativo.com.mx\/wp-content\/uploads\/2024\/08\/IMG-20240809-WA0027.jpg","jetpack_sharing_enabled":true,"jetpack_likes_enabled":true,"amp_enabled":true,"_links":{"self":[{"href":"https:\/\/encuentroinformativo.com.mx\/index.php?rest_route=\/wp\/v2\/posts\/57446","targetHints":{"allow":["GET"]}}],"collection":[{"href":"https:\/\/encuentroinformativo.com.mx\/index.php?rest_route=\/wp\/v2\/posts"}],"about":[{"href":"https:\/\/encuentroinformativo.com.mx\/index.php?rest_route=\/wp\/v2\/types\/post"}],"author":[{"embeddable":true,"href":"https:\/\/encuentroinformativo.com.mx\/index.php?rest_route=\/wp\/v2\/users\/2476"}],"replies":[{"embeddable":true,"href":"https:\/\/encuentroinformativo.com.mx\/index.php?rest_route=%2Fwp%2Fv2%2Fcomments&post=57446"}],"version-history":[{"count":1,"href":"https:\/\/encuentroinformativo.com.mx\/index.php?rest_route=\/wp\/v2\/posts\/57446\/revisions"}],"predecessor-version":[{"id":57448,"href":"https:\/\/encuentroinformativo.com.mx\/index.php?rest_route=\/wp\/v2\/posts\/57446\/revisions\/57448"}],"wp:featuredmedia":[{"embeddable":true,"href":"https:\/\/encuentroinformativo.com.mx\/index.php?rest_route=\/wp\/v2\/media\/57447"}],"wp:attachment":[{"href":"https:\/\/encuentroinformativo.com.mx\/index.php?rest_route=%2Fwp%2Fv2%2Fmedia&parent=57446"}],"wp:term":[{"taxonomy":"category","embeddable":true,"href":"https:\/\/encuentroinformativo.com.mx\/index.php?rest_route=%2Fwp%2Fv2%2Fcategories&post=57446"},{"taxonomy":"post_tag","embeddable":true,"href":"https:\/\/encuentroinformativo.com.mx\/index.php?rest_route=%2Fwp%2Fv2%2Ftags&post=57446"}],"curies":[{"name":"wp","href":"https:\/\/api.w.org\/{rel}","templated":true}]}}