{"id":57452,"date":"2024-08-09T16:15:51","date_gmt":"2024-08-09T22:15:51","guid":{"rendered":"https:\/\/encuentroinformativo.com.mx\/?p=57452"},"modified":"2024-08-09T16:15:59","modified_gmt":"2024-08-09T22:15:59","slug":"tras-lunes-negro-mexico-debe-blindarse-economicamente-ancer","status":"publish","type":"post","link":"https:\/\/encuentroinformativo.com.mx\/?p=57452","title":{"rendered":"Tras &#8220;lunes negro&#8221; M\u00e9xico debe blindarse econ\u00f3micamente: ANCER"},"content":{"rendered":"\n<p><strong>Alejandro \u00c1vila<\/strong><\/p>\n\n\n\n<p>Veracruz, Ver.- El llamado &#8220;Lunes Negro&#8221; que provoc\u00f3 la ca\u00edda masiva de la bolsa de valores a nivel mundial el pasado 5 de agosto, es un evento que debe de tomar en cuenta M\u00e9xico para futuras decisiones econ\u00f3micas, manifest\u00f3 Jos\u00e9 Manuel Urreta Ortega, presidente de la Asociaci\u00f3n Nacional de Consejos Empresariales Regionales (ANCER).<\/p>\n\n\n\n<p>En ese sentido, el empresario mencion\u00f3 que el pa\u00eds debe establecer medidas de blindaje econ\u00f3mico para proteger al pa\u00eds de futuras fluctuaciones internacionales.<\/p>\n\n\n\n<p>Uno de los mayores temores de los inversionistas es la posibilidad de que Estados Unidos caiga en una recesi\u00f3n debido a los problemas econ\u00f3micos globales. Esta situaci\u00f3n podr\u00eda afectar no solo a esa naci\u00f3n, sino tambi\u00e9n a M\u00e9xico, generando complicaciones econ\u00f3micas en ambos pa\u00edses.<\/p>\n\n\n\n<p>El presidente de la ANCER dijo que para fortalecer la econom\u00eda de M\u00e9xico y evitar una recesi\u00f3n, es crucial abordar el elevado d\u00e9ficit fiscal, que actualmente alcanza el 5.9% del PIB.<\/p>\n\n\n\n<p>Este d\u00e9ficit, que representa el mayor endeudamiento p\u00fablico desde 1988 con 1.9 billones de pesos, ha contribuido a una desaceleraci\u00f3n econ\u00f3mica significativa.<\/p>\n\n\n\n<p>\u201cEn el segundo trimestre de 2024, el PIB creci\u00f3 solo un 1.1% a tasa anual, evidenciando una expansi\u00f3n acumulada de apenas 1.5% en el primer semestre. Sin una estrategia para reducir este d\u00e9ficit, es probable que M\u00e9xico enfrente una recesi\u00f3n, por ello se necesita un enfoque m\u00e1s sostenible en la gesti\u00f3n fiscal y la reducci\u00f3n de la deuda\u201d.<\/p>\n\n\n\n<p>El costo financiero de la deuda, estimado en 1.228 billones de pesos, representa el 16.5% de los ingresos presupuestarios, exacerbado por altas tasas de inter\u00e9s y una inflaci\u00f3n persistente del 4.97%.<\/p>\n\n\n\n<p>Para enfrentar estos desaf\u00edos, M\u00e9xico debe implementar reformas profundas en sus pol\u00edticas fiscales. Es fundamental reducir el d\u00e9ficit fiscal mediante un control m\u00e1s riguroso del gasto p\u00fablico y mejorar la eficiencia en la recaudaci\u00f3n de impuestos. Aumentar la inversi\u00f3n en infraestructura productiva y fortalecer sectores clave como la industria y el comercio podr\u00eda impulsar el crecimiento econ\u00f3mico.<\/p>\n\n\n\n<p>Adem\u00e1s, es esencial revisar las pol\u00edticas de deuda para asegurar una trayectoria m\u00e1s sostenible y evitar un mayor incremento de la carga financiera sobre el pa\u00eds.<\/p>\n\n\n\n<p>Y es que el desplome global comenz\u00f3 con una significativa ca\u00edda del 12.4% en el \u00edndice Nikkei de Tokio, arrastrando consigo a otros mercados. Este fen\u00f3meno, impulsado por los recientes datos macroecon\u00f3micos de Estados Unidos, borr\u00f3 las ganancias de Wall Street y llev\u00f3 a las bolsas europeas a m\u00ednimos no vistos desde marzo del a\u00f1o pasado.<\/p>\n\n\n\n<p>\u201cEl incremento de la volatilidad y la ca\u00edda en las bolsas refleja no s\u00f3lo una preocupaci\u00f3n inmediata, sino tambi\u00e9n un temor subyacente sobre el futuro econ\u00f3mico global&#8221;, afirm\u00f3 Urreta Ortega.<\/p>\n\n\n\n<p>El impacto en M\u00e9xico no se hizo esperar. La moneda nacional sufri\u00f3 una depreciaci\u00f3n notable, con el d\u00f3lar estadounidense cerrando al alza a 19.35 pesos, lo que represent\u00f3 un incremento del 0.91% respecto al d\u00eda anterior. En este sentido, Urreta Ortega destac\u00f3 la importancia de fortalecer el blindaje econ\u00f3mico del pa\u00eds para mitigar los efectos adversos de las fluctuaciones internacionales.<\/p>\n\n\n\n<p>\u201cEs vital que M\u00e9xico mantenga una estrategia s\u00f3lida para enfrentar estos desaf\u00edos, protegiendo la estabilidad econ\u00f3mica y evitando una posible recesi\u00f3n&#8221;, enfatiz\u00f3.<\/p>\n\n\n\n<p>Urreta Ortega advirti\u00f3 que, aunque M\u00e9xico cuenta con reservas significativas, es crucial mantener un enfoque preventivo y adaptativo. &#8220;No podemos depender \u00fanicamente de nuestras reservas; es necesario diversificar nuestras estrategias econ\u00f3micas y fortalecer el mercado interno. La incertidumbre global y las interdependencias econ\u00f3micas demandan un enfoque proactivo y medidas de blindaje que aseguren la estabilidad y el crecimiento del pa\u00eds\u201d, concluy\u00f3.<\/p>\n","protected":false},"excerpt":{"rendered":"<p>Alejandro \u00c1vila Veracruz, Ver.- El llamado &#8220;Lunes Negro&#8221; que provoc\u00f3 la ca\u00edda masiva de la bolsa de valores a nivel mundial el pasado 5 de agosto, es un evento que debe de tomar en cuenta M\u00e9xico para futuras decisiones econ\u00f3micas, manifest\u00f3 Jos\u00e9 Manuel Urreta Ortega, presidente de la Asociaci\u00f3n Nacional de Consejos Empresariales Regionales (ANCER). [&hellip;]<\/p>\n","protected":false},"author":2476,"featured_media":57453,"comment_status":"open","ping_status":"open","sticky":false,"template":"","format":"standard","meta":{"_jetpack_memberships_contains_paid_content":false,"footnotes":""},"categories":[2],"tags":[],"class_list":["post-57452","post","type-post","status-publish","format-standard","has-post-thumbnail","hentry","category-estado"],"jetpack_featured_media_url":"https:\/\/encuentroinformativo.com.mx\/wp-content\/uploads\/2024\/08\/IMG-20240809-WA0055.jpg","jetpack_sharing_enabled":true,"jetpack_likes_enabled":true,"amp_enabled":true,"_links":{"self":[{"href":"https:\/\/encuentroinformativo.com.mx\/index.php?rest_route=\/wp\/v2\/posts\/57452","targetHints":{"allow":["GET"]}}],"collection":[{"href":"https:\/\/encuentroinformativo.com.mx\/index.php?rest_route=\/wp\/v2\/posts"}],"about":[{"href":"https:\/\/encuentroinformativo.com.mx\/index.php?rest_route=\/wp\/v2\/types\/post"}],"author":[{"embeddable":true,"href":"https:\/\/encuentroinformativo.com.mx\/index.php?rest_route=\/wp\/v2\/users\/2476"}],"replies":[{"embeddable":true,"href":"https:\/\/encuentroinformativo.com.mx\/index.php?rest_route=%2Fwp%2Fv2%2Fcomments&post=57452"}],"version-history":[{"count":1,"href":"https:\/\/encuentroinformativo.com.mx\/index.php?rest_route=\/wp\/v2\/posts\/57452\/revisions"}],"predecessor-version":[{"id":57454,"href":"https:\/\/encuentroinformativo.com.mx\/index.php?rest_route=\/wp\/v2\/posts\/57452\/revisions\/57454"}],"wp:featuredmedia":[{"embeddable":true,"href":"https:\/\/encuentroinformativo.com.mx\/index.php?rest_route=\/wp\/v2\/media\/57453"}],"wp:attachment":[{"href":"https:\/\/encuentroinformativo.com.mx\/index.php?rest_route=%2Fwp%2Fv2%2Fmedia&parent=57452"}],"wp:term":[{"taxonomy":"category","embeddable":true,"href":"https:\/\/encuentroinformativo.com.mx\/index.php?rest_route=%2Fwp%2Fv2%2Fcategories&post=57452"},{"taxonomy":"post_tag","embeddable":true,"href":"https:\/\/encuentroinformativo.com.mx\/index.php?rest_route=%2Fwp%2Fv2%2Ftags&post=57452"}],"curies":[{"name":"wp","href":"https:\/\/api.w.org\/{rel}","templated":true}]}}