{"id":57455,"date":"2024-08-09T16:49:44","date_gmt":"2024-08-09T22:49:44","guid":{"rendered":"https:\/\/encuentroinformativo.com.mx\/?p=57455"},"modified":"2024-08-09T16:49:50","modified_gmt":"2024-08-09T22:49:50","slug":"mas-de-10-mil-mdp-de-perdidas-por-bloqueos-en-autopista-mexico-puebla-canacar","status":"publish","type":"post","link":"https:\/\/encuentroinformativo.com.mx\/?p=57455","title":{"rendered":"M\u00e1s de 10 mil mdp de p\u00e9rdidas por bloqueos en autopista M\u00e9xico Puebla: Canacar"},"content":{"rendered":"\n<p><strong>Alejandro \u00c1vila<\/strong><\/p>\n\n\n\n<p>Veracruz, Ver.- La delegada de Canacar en Veracruz, Miguelina L\u00f3pez Hern\u00e1ndez, mencion\u00f3 que el gremio transportista tiene un estimado de 10 mil millones de pesos de p\u00e9rdidas por los bloqueos que hubo en la autopista M\u00e9xico &#8211; Puebla.<\/p>\n\n\n\n<p>Las empresas veracruzanas fueron de las m\u00e1s afectadas, pues los traslados de la zona portuaria a diversos puntos de la rep\u00fablica mexicana trajeron afectaciones incalculables, debido al transporte automotriz, farmac\u00e9utico y perecedero.<\/p>\n\n\n\n<p>La delegada de la C\u00e1mara Nacional de Autotransporte de Carga (Canacar) en Veracruz, reconoci\u00f3 que en los \u00faltimos a\u00f1os los bloqueos carreteros aumentaron de manera significativa y estas acciones causan p\u00e9rdidas millonarias, adem\u00e1s de afectar la cadena de suministros.<\/p>\n\n\n\n<p>\u201cTenemos registrados muchos bloqueos en los \u00faltimos a\u00f1os, del 2022 para ac\u00e1 constantemente se est\u00e1n haciendo bloqueos que afectan la cadena de suministro, a los transportistas, a los operadores, a sus familias, es una gran afectaci\u00f3n lo que generan los bloqueos, en este a\u00f1o hablamos de unos 4 bloqueos fuertes\u201d.<\/p>\n\n\n\n<p>En ese sentido, la presidenta de la c\u00e1mara empresarial dijo que los gastos alternos que se provocan por los bloqueos son negociados con los clientes, en muchas ocasiones los absorbe la iniciativa privada y en otras las empresas transportistas.<\/p>\n\n\n\n<p>\u201cGastamos en combustible, hemos tenido que dar vueltas de hasta 100 o 200 kil\u00f3metros m\u00e1s para poder hacer los trayectos que se hacen en 2 o 3 horas los estamos haciendo en 5 o 7 horas, porque estamos rodeando, tomamos la ruta alterna saliendo de M\u00e9xico a la pista Tuxpan para llegar a Veracruz, tambi\u00e9n la v\u00eda de Cuernavaca-Cuautla-Atlixco-Veracruz\u201d.<\/p>\n","protected":false},"excerpt":{"rendered":"<p>Alejandro \u00c1vila Veracruz, Ver.- La delegada de Canacar en Veracruz, Miguelina L\u00f3pez Hern\u00e1ndez, mencion\u00f3 que el gremio transportista tiene un estimado de 10 mil millones de pesos de p\u00e9rdidas por los bloqueos que hubo en la autopista M\u00e9xico &#8211; Puebla. Las empresas veracruzanas fueron de las m\u00e1s afectadas, pues los traslados de la zona portuaria [&hellip;]<\/p>\n","protected":false},"author":2476,"featured_media":57456,"comment_status":"open","ping_status":"open","sticky":false,"template":"","format":"standard","meta":{"_jetpack_memberships_contains_paid_content":false,"footnotes":""},"categories":[2,12],"tags":[],"class_list":["post-57455","post","type-post","status-publish","format-standard","has-post-thumbnail","hentry","category-estado","category-nacional"],"jetpack_featured_media_url":"https:\/\/encuentroinformativo.com.mx\/wp-content\/uploads\/2024\/08\/IMG-20240809-WA00562.jpg","jetpack_sharing_enabled":true,"jetpack_likes_enabled":true,"amp_enabled":true,"_links":{"self":[{"href":"https:\/\/encuentroinformativo.com.mx\/index.php?rest_route=\/wp\/v2\/posts\/57455","targetHints":{"allow":["GET"]}}],"collection":[{"href":"https:\/\/encuentroinformativo.com.mx\/index.php?rest_route=\/wp\/v2\/posts"}],"about":[{"href":"https:\/\/encuentroinformativo.com.mx\/index.php?rest_route=\/wp\/v2\/types\/post"}],"author":[{"embeddable":true,"href":"https:\/\/encuentroinformativo.com.mx\/index.php?rest_route=\/wp\/v2\/users\/2476"}],"replies":[{"embeddable":true,"href":"https:\/\/encuentroinformativo.com.mx\/index.php?rest_route=%2Fwp%2Fv2%2Fcomments&post=57455"}],"version-history":[{"count":1,"href":"https:\/\/encuentroinformativo.com.mx\/index.php?rest_route=\/wp\/v2\/posts\/57455\/revisions"}],"predecessor-version":[{"id":57457,"href":"https:\/\/encuentroinformativo.com.mx\/index.php?rest_route=\/wp\/v2\/posts\/57455\/revisions\/57457"}],"wp:featuredmedia":[{"embeddable":true,"href":"https:\/\/encuentroinformativo.com.mx\/index.php?rest_route=\/wp\/v2\/media\/57456"}],"wp:attachment":[{"href":"https:\/\/encuentroinformativo.com.mx\/index.php?rest_route=%2Fwp%2Fv2%2Fmedia&parent=57455"}],"wp:term":[{"taxonomy":"category","embeddable":true,"href":"https:\/\/encuentroinformativo.com.mx\/index.php?rest_route=%2Fwp%2Fv2%2Fcategories&post=57455"},{"taxonomy":"post_tag","embeddable":true,"href":"https:\/\/encuentroinformativo.com.mx\/index.php?rest_route=%2Fwp%2Fv2%2Ftags&post=57455"}],"curies":[{"name":"wp","href":"https:\/\/api.w.org\/{rel}","templated":true}]}}