{"id":57458,"date":"2024-08-10T14:56:46","date_gmt":"2024-08-10T20:56:46","guid":{"rendered":"https:\/\/encuentroinformativo.com.mx\/?p=57458"},"modified":"2024-08-10T14:56:52","modified_gmt":"2024-08-10T20:56:52","slug":"siguen-celebraciones-en-honor-a-virgen-de-teocelo","status":"publish","type":"post","link":"https:\/\/encuentroinformativo.com.mx\/?p=57458","title":{"rendered":"Siguen celebraciones en honor a Virgen de Teocelo"},"content":{"rendered":"\n<p><strong>Dar\u00edo Pale <\/strong><\/p>\n\n\n\n<p>Xalapa, Ver.- Contin\u00faa la novena en honor a las fiestas patronales en honor a la Virgen de la Asunci\u00f3n de Nuestra Se\u00f1ora en Teocelo, por lo que la noche de este viernes los Barrios realizaron las procesiones con las im\u00e1genes de la Santa patrona.\u00a0<\/p>\n\n\n\n<p>Durante un recorrido por las calles, las im\u00e1genes fueron cargadas en hombros por los fieles, adem\u00e1s de que fueron acompa\u00f1ados con bandas de m\u00fasica y algunos grupos danzantes.<\/p>\n\n\n\n<p>Tambi\u00e9n se hizo de manera simult\u00e1nea el encendido de luces que adornan las calles y posteriormente cada virgen fue llevada a su barrio.<\/p>\n\n\n\n<p>Por \u00faltimo cabe recordar que la celebraci\u00f3n mayor es el 15 de agosto, aunque muchas personas asisten el d\u00eda 14 que escudando se baja el arco floral el cual colocan frente a la parroquia de la Asunci\u00f3n de Nuestra Se\u00f1ora.<\/p>\n\n\n\n<figure class=\"wp-block-image size-large\"><img loading=\"lazy\" decoding=\"async\" width=\"1024\" height=\"619\" src=\"https:\/\/encuentroinformativo.com.mx\/wp-content\/uploads\/2024\/08\/1000360528-1024x619.jpg\" alt=\"\" class=\"wp-image-57460\" srcset=\"https:\/\/encuentroinformativo.com.mx\/wp-content\/uploads\/2024\/08\/1000360528-1024x619.jpg 1024w, https:\/\/encuentroinformativo.com.mx\/wp-content\/uploads\/2024\/08\/1000360528-300x181.jpg 300w, https:\/\/encuentroinformativo.com.mx\/wp-content\/uploads\/2024\/08\/1000360528-768x464.jpg 768w, https:\/\/encuentroinformativo.com.mx\/wp-content\/uploads\/2024\/08\/1000360528.jpg 1069w\" sizes=\"auto, (max-width: 1024px) 100vw, 1024px\" \/><\/figure>\n","protected":false},"excerpt":{"rendered":"<p>Dar\u00edo Pale Xalapa, Ver.- Contin\u00faa la novena en honor a las fiestas patronales en honor a la Virgen de la Asunci\u00f3n de Nuestra Se\u00f1ora en Teocelo, por lo que la noche de este viernes los Barrios realizaron las procesiones con las im\u00e1genes de la Santa patrona.\u00a0 Durante un recorrido por las calles, las im\u00e1genes fueron [&hellip;]<\/p>\n","protected":false},"author":2476,"featured_media":57459,"comment_status":"open","ping_status":"open","sticky":false,"template":"","format":"standard","meta":{"_jetpack_memberships_contains_paid_content":false,"footnotes":""},"categories":[8],"tags":[],"class_list":["post-57458","post","type-post","status-publish","format-standard","has-post-thumbnail","hentry","category-region"],"jetpack_featured_media_url":"https:\/\/encuentroinformativo.com.mx\/wp-content\/uploads\/2024\/08\/IMG-20240810-WA00282.jpg","jetpack_sharing_enabled":true,"jetpack_likes_enabled":true,"amp_enabled":true,"_links":{"self":[{"href":"https:\/\/encuentroinformativo.com.mx\/index.php?rest_route=\/wp\/v2\/posts\/57458","targetHints":{"allow":["GET"]}}],"collection":[{"href":"https:\/\/encuentroinformativo.com.mx\/index.php?rest_route=\/wp\/v2\/posts"}],"about":[{"href":"https:\/\/encuentroinformativo.com.mx\/index.php?rest_route=\/wp\/v2\/types\/post"}],"author":[{"embeddable":true,"href":"https:\/\/encuentroinformativo.com.mx\/index.php?rest_route=\/wp\/v2\/users\/2476"}],"replies":[{"embeddable":true,"href":"https:\/\/encuentroinformativo.com.mx\/index.php?rest_route=%2Fwp%2Fv2%2Fcomments&post=57458"}],"version-history":[{"count":1,"href":"https:\/\/encuentroinformativo.com.mx\/index.php?rest_route=\/wp\/v2\/posts\/57458\/revisions"}],"predecessor-version":[{"id":57461,"href":"https:\/\/encuentroinformativo.com.mx\/index.php?rest_route=\/wp\/v2\/posts\/57458\/revisions\/57461"}],"wp:featuredmedia":[{"embeddable":true,"href":"https:\/\/encuentroinformativo.com.mx\/index.php?rest_route=\/wp\/v2\/media\/57459"}],"wp:attachment":[{"href":"https:\/\/encuentroinformativo.com.mx\/index.php?rest_route=%2Fwp%2Fv2%2Fmedia&parent=57458"}],"wp:term":[{"taxonomy":"category","embeddable":true,"href":"https:\/\/encuentroinformativo.com.mx\/index.php?rest_route=%2Fwp%2Fv2%2Fcategories&post=57458"},{"taxonomy":"post_tag","embeddable":true,"href":"https:\/\/encuentroinformativo.com.mx\/index.php?rest_route=%2Fwp%2Fv2%2Ftags&post=57458"}],"curies":[{"name":"wp","href":"https:\/\/api.w.org\/{rel}","templated":true}]}}