{"id":57462,"date":"2024-08-10T15:03:05","date_gmt":"2024-08-10T21:03:05","guid":{"rendered":"https:\/\/encuentroinformativo.com.mx\/?p=57462"},"modified":"2024-08-10T15:03:12","modified_gmt":"2024-08-10T21:03:12","slug":"siguen-abiertas-inscripciones-para-edicion-de-ninas-extraordinarias","status":"publish","type":"post","link":"https:\/\/encuentroinformativo.com.mx\/?p=57462","title":{"rendered":"Siguen abiertas inscripciones para edici\u00f3n de Ni\u00f1as Extraordinarias"},"content":{"rendered":"\n<p><strong>Dar\u00edo Pale <\/strong><\/p>\n\n\n\n<p>Xalapa, Ver.- Zaira del Toro Olivares directora del Instituto Municipal de la Mujer (IMM), en Xalapa, dio a conocer que contin\u00faan abiertas las inscripciones para la novena edici\u00f3n de historias de ni\u00f1as extraordinarias.<\/p>\n\n\n\n<p>En entrevista se\u00f1al\u00f3 que contin\u00faan invitando a todas las ni\u00f1as y adolescentes para que se inscriban en la novena edici\u00f3n de historias de ni\u00f1as extraordinarias, las edades son de 6 a 15 a\u00f1os y que dibujen o narren un cuento.<\/p>\n\n\n\n<p>Los est\u00e1n recibiendo en las oficinas del IMM de 9 de la ma\u00f1ana a 7 de la noche, la siguiente semana tambi\u00e9n tendr\u00e1n un curso de verano y pueden inscribirse en las diferentes \u00e1reas del ayuntamiento, est\u00e1n haciendo actividades, deportivas, en las cuales desarrollar\u00e1n su imaginaci\u00f3n en tres ejes.<\/p>\n\n\n\n<p>Por \u00faltimo se\u00f1al\u00f3 que los ejes son las l\u00edneas del concurso las cuales son, los derechos de ni\u00f1as, ni\u00f1os y adolescentes, como viven su realidad, cuales son sus sue\u00f1os y aspiraciones y como participan las ni\u00f1as en la ciencia y la tecnolog\u00eda.<\/p>\n","protected":false},"excerpt":{"rendered":"<p>Dar\u00edo Pale Xalapa, Ver.- Zaira del Toro Olivares directora del Instituto Municipal de la Mujer (IMM), en Xalapa, dio a conocer que contin\u00faan abiertas las inscripciones para la novena edici\u00f3n de historias de ni\u00f1as extraordinarias. En entrevista se\u00f1al\u00f3 que contin\u00faan invitando a todas las ni\u00f1as y adolescentes para que se inscriban en la novena edici\u00f3n [&hellip;]<\/p>\n","protected":false},"author":2476,"featured_media":57463,"comment_status":"open","ping_status":"open","sticky":false,"template":"","format":"standard","meta":{"_jetpack_memberships_contains_paid_content":false,"footnotes":""},"categories":[3],"tags":[],"class_list":["post-57462","post","type-post","status-publish","format-standard","has-post-thumbnail","hentry","category-xalapa"],"jetpack_featured_media_url":"https:\/\/encuentroinformativo.com.mx\/wp-content\/uploads\/2024\/08\/IMG-20240810-WA0032.jpg","jetpack_sharing_enabled":true,"jetpack_likes_enabled":true,"amp_enabled":true,"_links":{"self":[{"href":"https:\/\/encuentroinformativo.com.mx\/index.php?rest_route=\/wp\/v2\/posts\/57462","targetHints":{"allow":["GET"]}}],"collection":[{"href":"https:\/\/encuentroinformativo.com.mx\/index.php?rest_route=\/wp\/v2\/posts"}],"about":[{"href":"https:\/\/encuentroinformativo.com.mx\/index.php?rest_route=\/wp\/v2\/types\/post"}],"author":[{"embeddable":true,"href":"https:\/\/encuentroinformativo.com.mx\/index.php?rest_route=\/wp\/v2\/users\/2476"}],"replies":[{"embeddable":true,"href":"https:\/\/encuentroinformativo.com.mx\/index.php?rest_route=%2Fwp%2Fv2%2Fcomments&post=57462"}],"version-history":[{"count":1,"href":"https:\/\/encuentroinformativo.com.mx\/index.php?rest_route=\/wp\/v2\/posts\/57462\/revisions"}],"predecessor-version":[{"id":57464,"href":"https:\/\/encuentroinformativo.com.mx\/index.php?rest_route=\/wp\/v2\/posts\/57462\/revisions\/57464"}],"wp:featuredmedia":[{"embeddable":true,"href":"https:\/\/encuentroinformativo.com.mx\/index.php?rest_route=\/wp\/v2\/media\/57463"}],"wp:attachment":[{"href":"https:\/\/encuentroinformativo.com.mx\/index.php?rest_route=%2Fwp%2Fv2%2Fmedia&parent=57462"}],"wp:term":[{"taxonomy":"category","embeddable":true,"href":"https:\/\/encuentroinformativo.com.mx\/index.php?rest_route=%2Fwp%2Fv2%2Fcategories&post=57462"},{"taxonomy":"post_tag","embeddable":true,"href":"https:\/\/encuentroinformativo.com.mx\/index.php?rest_route=%2Fwp%2Fv2%2Ftags&post=57462"}],"curies":[{"name":"wp","href":"https:\/\/api.w.org\/{rel}","templated":true}]}}