{"id":57465,"date":"2024-08-10T17:26:00","date_gmt":"2024-08-10T23:26:00","guid":{"rendered":"https:\/\/encuentroinformativo.com.mx\/?p=57465"},"modified":"2024-08-10T17:26:05","modified_gmt":"2024-08-10T23:26:05","slug":"coordinan-pc-y-medio-ambiente-poda-de-arboles","status":"publish","type":"post","link":"https:\/\/encuentroinformativo.com.mx\/?p=57465","title":{"rendered":"Coordinan PC y Medio Ambiente poda de \u00e1rboles"},"content":{"rendered":"\n<p><strong>Dar\u00edo Pale <\/strong><\/p>\n\n\n\n<p>Xalapa, Ver.- Piden a la direcci\u00f3n de Medio Ambiente la intervenci\u00f3n de \u00e1rboles que representan riesgo a la poblaci\u00f3n en esta temporada de lluvias y huracanes, as\u00ed lo dio a conocer el Director de Protecci\u00f3n Civil Municipal, Luis Sardi\u00f1a Salgado.<\/p>\n\n\n\n<p>En entrevista dijo que hay \u00e1rboles de hasta 30 y 40 metros de altura dentro de las casas que cuando representan riesgo a las construcciones deben intervenirse. \u00a0\u00a0<\/p>\n\n\n\n<p>\u201cSe hace la solicitud a Medio Ambiente y se tienen que rehabilitar o definitivamente, si perjudican la construcci\u00f3n, tendr\u00e1n que cortarlos, pero no se corta por cortar. Se hace una rehabilitaci\u00f3n, mantenimiento y en su caso, algunos \u00e1rboles que tengan hongos, los bi\u00f3logos hacen el estudio adecuado y el dictamen correcto para poder subsanar, porque si cae un \u00e1rbol a una persona, la mata\u201d, se\u00f1al\u00f3.<\/p>\n\n\n\n<p>Precis\u00f3 que es la Direcci\u00f3n de Medio Ambiente la encargada de dar mantenimiento y rehabilitaci\u00f3n al arbolado de la ciudad. \u00a0<\/p>\n\n\n\n<p>El director de PC insisti\u00f3 en que el ayuntamiento no corta por cortar \u00e1rboles, pero debe cumplir con los protocolos de preveci\u00f3n de accidentes cuando representan riesgo.<\/p>\n\n\n\n<p>Reiteramos, no tumbamos \u00e1rboles ni quitamos \u00e1rboles. Se quitan \u00e1rboles en riesgo o se hace la rehabilitaci\u00f3n al \u00e1rbol y por otro lado, se le est\u00e1 dando mantenimiento a toda la ciudad.<\/p>\n\n\n\n<p>Por otra parte, dijo que contin\u00faan entregando dict\u00e1menes a la Direcci\u00f3n de Obras P\u00fablicas, de las zonas vulnerables a deslaves y derrumbes con el fin de que se asignen recursos para la construcci\u00f3n de muros de contenci\u00f3n.<\/p>\n\n\n\n<p>\u201cEntregando todos los dict\u00e1menes, recorriendo toda la ciudad, verificando derrumbes, poniendo todo los que se pueda hacer. En principio, poniendo los pl\u00e1sticos que nos pueden ayudar un poco para que no se haga deslizamiento de tierra&#8221;, coment\u00f3.<\/p>\n\n\n\n<p>Finalmente &#8220;por otro lado, ahorita hablando con el director de Obras P\u00fablicas, firmamos los \u00faltimos dict\u00e1menes que nos ha pasado el ayuntamiento para meterlos a los proyectos del ayuntamiento a la autorizaci\u00f3n de sesi\u00f3n de cabildos y la autorizaci\u00f3n de recursos\u201d.<\/p>\n","protected":false},"excerpt":{"rendered":"<p>Dar\u00edo Pale Xalapa, Ver.- Piden a la direcci\u00f3n de Medio Ambiente la intervenci\u00f3n de \u00e1rboles que representan riesgo a la poblaci\u00f3n en esta temporada de lluvias y huracanes, as\u00ed lo dio a conocer el Director de Protecci\u00f3n Civil Municipal, Luis Sardi\u00f1a Salgado. En entrevista dijo que hay \u00e1rboles de hasta 30 y 40 metros de [&hellip;]<\/p>\n","protected":false},"author":2476,"featured_media":57466,"comment_status":"open","ping_status":"open","sticky":false,"template":"","format":"standard","meta":{"_jetpack_memberships_contains_paid_content":false,"footnotes":""},"categories":[3],"tags":[],"class_list":["post-57465","post","type-post","status-publish","format-standard","has-post-thumbnail","hentry","category-xalapa"],"jetpack_featured_media_url":"https:\/\/encuentroinformativo.com.mx\/wp-content\/uploads\/2024\/08\/IMG-20240810-WA00331.jpg","jetpack_sharing_enabled":true,"jetpack_likes_enabled":true,"amp_enabled":true,"_links":{"self":[{"href":"https:\/\/encuentroinformativo.com.mx\/index.php?rest_route=\/wp\/v2\/posts\/57465","targetHints":{"allow":["GET"]}}],"collection":[{"href":"https:\/\/encuentroinformativo.com.mx\/index.php?rest_route=\/wp\/v2\/posts"}],"about":[{"href":"https:\/\/encuentroinformativo.com.mx\/index.php?rest_route=\/wp\/v2\/types\/post"}],"author":[{"embeddable":true,"href":"https:\/\/encuentroinformativo.com.mx\/index.php?rest_route=\/wp\/v2\/users\/2476"}],"replies":[{"embeddable":true,"href":"https:\/\/encuentroinformativo.com.mx\/index.php?rest_route=%2Fwp%2Fv2%2Fcomments&post=57465"}],"version-history":[{"count":1,"href":"https:\/\/encuentroinformativo.com.mx\/index.php?rest_route=\/wp\/v2\/posts\/57465\/revisions"}],"predecessor-version":[{"id":57467,"href":"https:\/\/encuentroinformativo.com.mx\/index.php?rest_route=\/wp\/v2\/posts\/57465\/revisions\/57467"}],"wp:featuredmedia":[{"embeddable":true,"href":"https:\/\/encuentroinformativo.com.mx\/index.php?rest_route=\/wp\/v2\/media\/57466"}],"wp:attachment":[{"href":"https:\/\/encuentroinformativo.com.mx\/index.php?rest_route=%2Fwp%2Fv2%2Fmedia&parent=57465"}],"wp:term":[{"taxonomy":"category","embeddable":true,"href":"https:\/\/encuentroinformativo.com.mx\/index.php?rest_route=%2Fwp%2Fv2%2Fcategories&post=57465"},{"taxonomy":"post_tag","embeddable":true,"href":"https:\/\/encuentroinformativo.com.mx\/index.php?rest_route=%2Fwp%2Fv2%2Ftags&post=57465"}],"curies":[{"name":"wp","href":"https:\/\/api.w.org\/{rel}","templated":true}]}}