{"id":57481,"date":"2024-08-11T15:36:41","date_gmt":"2024-08-11T21:36:41","guid":{"rendered":"https:\/\/encuentroinformativo.com.mx\/?p=57481"},"modified":"2024-08-11T15:36:49","modified_gmt":"2024-08-11T21:36:49","slug":"protestan-organizaciones-civiles-en-oficinas-del-ine","status":"publish","type":"post","link":"https:\/\/encuentroinformativo.com.mx\/?p=57481","title":{"rendered":"Protestan organizaciones civiles en oficinas del INE"},"content":{"rendered":"\n<p><strong>Dar\u00edo Pale <\/strong><\/p>\n\n\n\n<p>Xalapa, Ver.- Se manifiestan organizaciones civiles\u00a0 frente a las oficinas del INE, en contra de la sobrerrepresentaci\u00f3n que pretende MORENA en el congreso federal y exigen al instituto y al TEPJF a trabajar en serio y apegados a derecho, y respeten el voto ciudadano.<\/p>\n\n\n\n<p>Integrantes de organizaciones civiles, agrupadas en el Frente C\u00edvico Nacional (FCN) se manifestaron este domingo frente a las instalaciones de la Junta Local Ejecutiva del Instituto Nacional Electoral (INE)\u00a0 en Xalapa en contra de la sobrerrepresentaci\u00f3n que pretende MORENA en el congreso federal.<\/p>\n\n\n\n<p>Durante la manifestaci\u00f3n portaban bambalinas y cartulinas en donde se le\u00edan varias consignas como, \u201cen democracia todos los votos cuentan igual\u201d, \u201cDemocracia, justicia, libertad\u2026\u201d, \u201cNo a la mayor\u00eda artificial, consejeros del INE, magistrados del TEPJF respeten nuestro voto\u201d, \u201cno a la sobrerrepresentaci\u00f3n\u201d,\u00a0 \u201cConsejeros del INE y magistrados del TEPJF no se echen la soga al cuello, digan no a la sobrerrepresentaci\u00f3n\u201d, \u201cINE y TEPFJ dejen de hacerse el \u2018T\u00edo Lolo\u2019, dejen de ver las \u2018ma\u00f1aneras\u2019 y p\u00f3nganse a trabajar en serio y apegados a derecho\u201d, entre otras.<\/p>\n\n\n\n<p>Esta movilizaci\u00f3n, que de manera simult\u00e1nea se realiz\u00f3 en todo el pa\u00eds, se efectu\u00f3 adem\u00e1s de Xalapa, en las ciudades de Veracruz, Coatzacoalcos, C\u00f3rdoba y Orizaba, entre otras m\u00e1s.<\/p>\n\n\n\n<p>En su intervenci\u00f3n, Jos\u00e9 Ignacio Gonz\u00e1lez Razo dio lectura del posicionamiento de las organizaciones civiles participantes en esta movilizaci\u00f3n, en donde exigi\u00f3 al INE atienda el llamado ciudadano de que exista sobrerrepresentaci\u00f3n en el Poder Legislativo \u201cporque compromete la funci\u00f3n de contrapeso que este \u00f3rgano de gobierno debe ejercer al Poder Ejecutivo\u201d.<\/p>\n\n\n\n<p>Por \u00faltimo aclararon que la sobrerrepresentaci\u00f3n se entiende que un partido pol\u00edtico obtiene, en funci\u00f3n de determinados mecanismos electorales, un porcentaje de curules superior al porcentaje de votos obtenidos o permitidos por la ley.<\/p>\n","protected":false},"excerpt":{"rendered":"<p>Dar\u00edo Pale Xalapa, Ver.- Se manifiestan organizaciones civiles\u00a0 frente a las oficinas del INE, en contra de la sobrerrepresentaci\u00f3n que pretende MORENA en el congreso federal y exigen al instituto y al TEPJF a trabajar en serio y apegados a derecho, y respeten el voto ciudadano. Integrantes de organizaciones civiles, agrupadas en el Frente C\u00edvico [&hellip;]<\/p>\n","protected":false},"author":2476,"featured_media":14963,"comment_status":"open","ping_status":"open","sticky":false,"template":"","format":"standard","meta":{"_jetpack_memberships_contains_paid_content":false,"footnotes":""},"categories":[2],"tags":[],"class_list":["post-57481","post","type-post","status-publish","format-standard","has-post-thumbnail","hentry","category-estado"],"jetpack_featured_media_url":"https:\/\/encuentroinformativo.com.mx\/wp-content\/uploads\/2021\/06\/5F27D38B-4106-4DD6-B93F-9CEEFD1A0676.jpeg","jetpack_sharing_enabled":true,"jetpack_likes_enabled":true,"amp_enabled":true,"_links":{"self":[{"href":"https:\/\/encuentroinformativo.com.mx\/index.php?rest_route=\/wp\/v2\/posts\/57481","targetHints":{"allow":["GET"]}}],"collection":[{"href":"https:\/\/encuentroinformativo.com.mx\/index.php?rest_route=\/wp\/v2\/posts"}],"about":[{"href":"https:\/\/encuentroinformativo.com.mx\/index.php?rest_route=\/wp\/v2\/types\/post"}],"author":[{"embeddable":true,"href":"https:\/\/encuentroinformativo.com.mx\/index.php?rest_route=\/wp\/v2\/users\/2476"}],"replies":[{"embeddable":true,"href":"https:\/\/encuentroinformativo.com.mx\/index.php?rest_route=%2Fwp%2Fv2%2Fcomments&post=57481"}],"version-history":[{"count":1,"href":"https:\/\/encuentroinformativo.com.mx\/index.php?rest_route=\/wp\/v2\/posts\/57481\/revisions"}],"predecessor-version":[{"id":57482,"href":"https:\/\/encuentroinformativo.com.mx\/index.php?rest_route=\/wp\/v2\/posts\/57481\/revisions\/57482"}],"wp:featuredmedia":[{"embeddable":true,"href":"https:\/\/encuentroinformativo.com.mx\/index.php?rest_route=\/wp\/v2\/media\/14963"}],"wp:attachment":[{"href":"https:\/\/encuentroinformativo.com.mx\/index.php?rest_route=%2Fwp%2Fv2%2Fmedia&parent=57481"}],"wp:term":[{"taxonomy":"category","embeddable":true,"href":"https:\/\/encuentroinformativo.com.mx\/index.php?rest_route=%2Fwp%2Fv2%2Fcategories&post=57481"},{"taxonomy":"post_tag","embeddable":true,"href":"https:\/\/encuentroinformativo.com.mx\/index.php?rest_route=%2Fwp%2Fv2%2Ftags&post=57481"}],"curies":[{"name":"wp","href":"https:\/\/api.w.org\/{rel}","templated":true}]}}