{"id":57483,"date":"2024-08-11T18:18:16","date_gmt":"2024-08-12T00:18:16","guid":{"rendered":"https:\/\/encuentroinformativo.com.mx\/?p=57483"},"modified":"2024-08-11T18:18:22","modified_gmt":"2024-08-12T00:18:22","slug":"recibe-ine-veracruz-escritos-de-inconformidad-contra-sobrerrepresentacion","status":"publish","type":"post","link":"https:\/\/encuentroinformativo.com.mx\/?p=57483","title":{"rendered":"Recibe INE Veracruz escritos de inconformidad contra sobrerrepresentaci\u00f3n"},"content":{"rendered":"\n<p><strong>Dar\u00edo Pale <\/strong><\/p>\n\n\n\n<p>Xalapa, Ver.- El INE en Veracruz ha recibido dos escritos de inconformidad en contra de la sobrerrepresentaci\u00f3n del Congreso de la Uni\u00f3n, as\u00ed lo dio a conocer el Vocal de la Junta Local Ejecutiva del Instituto Nacional Electoral (INE) en el estado, Josu\u00e9 Cervantes Mart\u00ednez.<\/p>\n\n\n\n<p>En entrevista durante la manifestaci\u00f3n inform\u00f3 que ha recibido un par de escritos referentes a la inconformidad en torno a la sobrerrepresentaci\u00f3n que pretende tener Morena y sus aliados en el Congreso de la Uni\u00f3n.<\/p>\n\n\n\n<p>Lo anterior al querer obtener el 75 por ciento\u00a0 de las diputaciones y Senadur\u00edas, cuando s\u00f3lo obtuvieron el 42 por ciento de la votaci\u00f3n total.<\/p>\n\n\n\n<p>Precis\u00f3 que ya se le dio el tr\u00e1mite correspondiente, \u201cya los remit\u00ed al Consejo General a trav\u00e9s de la Secretar\u00eda Ejecutiva, pues no estoy facultado para responder\u201d.<\/p>\n\n\n\n<p>Aclar\u00f3 que su presencia frente a las oficinas del INE este domingo es para \u201cestar atento al evento\u201d, en la que participaron al menos una centena de personas en la movilizaci\u00f3n que se dio de manera simult\u00e1nea en todo el pa\u00eds.\u00a0<\/p>\n\n\n\n<p>Finalmente el titular del INE en el estado de Veracruz evit\u00f3 opinar sobre la sobrerrepresentaci\u00f3n, \u201cporque ser\u00eda prejuzgar un acto que no es de mi competencia y lo proh\u00edbe el estatuto del Servicio Profesional Electoral\u201d.<\/p>\n","protected":false},"excerpt":{"rendered":"<p>Dar\u00edo Pale Xalapa, Ver.- El INE en Veracruz ha recibido dos escritos de inconformidad en contra de la sobrerrepresentaci\u00f3n del Congreso de la Uni\u00f3n, as\u00ed lo dio a conocer el Vocal de la Junta Local Ejecutiva del Instituto Nacional Electoral (INE) en el estado, Josu\u00e9 Cervantes Mart\u00ednez. En entrevista durante la manifestaci\u00f3n inform\u00f3 que ha [&hellip;]<\/p>\n","protected":false},"author":2476,"featured_media":57484,"comment_status":"open","ping_status":"open","sticky":false,"template":"","format":"standard","meta":{"_jetpack_memberships_contains_paid_content":false,"footnotes":""},"categories":[2],"tags":[],"class_list":["post-57483","post","type-post","status-publish","format-standard","has-post-thumbnail","hentry","category-estado"],"jetpack_featured_media_url":"https:\/\/encuentroinformativo.com.mx\/wp-content\/uploads\/2024\/08\/IMG-20240811-WA00142.jpg","jetpack_sharing_enabled":true,"jetpack_likes_enabled":true,"amp_enabled":true,"_links":{"self":[{"href":"https:\/\/encuentroinformativo.com.mx\/index.php?rest_route=\/wp\/v2\/posts\/57483","targetHints":{"allow":["GET"]}}],"collection":[{"href":"https:\/\/encuentroinformativo.com.mx\/index.php?rest_route=\/wp\/v2\/posts"}],"about":[{"href":"https:\/\/encuentroinformativo.com.mx\/index.php?rest_route=\/wp\/v2\/types\/post"}],"author":[{"embeddable":true,"href":"https:\/\/encuentroinformativo.com.mx\/index.php?rest_route=\/wp\/v2\/users\/2476"}],"replies":[{"embeddable":true,"href":"https:\/\/encuentroinformativo.com.mx\/index.php?rest_route=%2Fwp%2Fv2%2Fcomments&post=57483"}],"version-history":[{"count":1,"href":"https:\/\/encuentroinformativo.com.mx\/index.php?rest_route=\/wp\/v2\/posts\/57483\/revisions"}],"predecessor-version":[{"id":57485,"href":"https:\/\/encuentroinformativo.com.mx\/index.php?rest_route=\/wp\/v2\/posts\/57483\/revisions\/57485"}],"wp:featuredmedia":[{"embeddable":true,"href":"https:\/\/encuentroinformativo.com.mx\/index.php?rest_route=\/wp\/v2\/media\/57484"}],"wp:attachment":[{"href":"https:\/\/encuentroinformativo.com.mx\/index.php?rest_route=%2Fwp%2Fv2%2Fmedia&parent=57483"}],"wp:term":[{"taxonomy":"category","embeddable":true,"href":"https:\/\/encuentroinformativo.com.mx\/index.php?rest_route=%2Fwp%2Fv2%2Fcategories&post=57483"},{"taxonomy":"post_tag","embeddable":true,"href":"https:\/\/encuentroinformativo.com.mx\/index.php?rest_route=%2Fwp%2Fv2%2Ftags&post=57483"}],"curies":[{"name":"wp","href":"https:\/\/api.w.org\/{rel}","templated":true}]}}