{"id":57489,"date":"2024-08-12T11:41:17","date_gmt":"2024-08-12T17:41:17","guid":{"rendered":"https:\/\/encuentroinformativo.com.mx\/?p=57489"},"modified":"2024-08-12T11:41:24","modified_gmt":"2024-08-12T17:41:24","slug":"casi-lista-la-calle-rafael-lucio-alcalde","status":"publish","type":"post","link":"https:\/\/encuentroinformativo.com.mx\/?p=57489","title":{"rendered":"Casi lista la calle Rafael Lucio: Alcalde"},"content":{"rendered":"\n<p><strong>Dar\u00edo Pale <\/strong><\/p>\n\n\n\n<p>Xalapa, Ver.- El presidente municipal de Xalapa, Ricardo Ahued Bardauil dio a conocer que, en 15 d\u00edas aproximadamente quedar\u00e1 concluida la rehabilitaci\u00f3n de la calle Dr. Rafael Lucio en el centro de la ciudad.\u00a0<\/p>\n\n\n\n<p>En entrevista coment\u00f3 que, los trabajos de esta obra que inici\u00f3 en marzo se realizan actualmente en el tramo de las calles Tamborrel hacia Poeta Jes\u00fas D\u00edaz, sobre el puente de Xallitic.\u00a0<\/p>\n\n\n\n<p>El cambio de losas, drenaje para evitar fugas de agua y colocaci\u00f3n de bancas y jardineras son parte de esta rehabilitaci\u00f3n. \u00a0<\/p>\n\n\n\n<p>\u201cVa muy adelantado el programa de obra. Tengo entendido que en unos 15 d\u00edas debe quedar esta etapa. Afortunadamente va a terminar antes de lo que el contrato establec\u00eda en los tiempos, pero el avance f\u00edsico es extraordinario y creo que est\u00e1 cumpliendo con los est\u00e1ndares de tiempo&#8221;, se\u00f1al\u00f3.<\/p>\n\n\n\n<p>&#8220;La calidad y adem\u00e1s la gente est\u00e1 muy contenta en Lucio. Se moderniza la ciudad y se le da una atenci\u00f3n, al bache, la fuga de agua, los olores que provocan los drenajes abiertos o rotos; se va cambiando la imagen de la ciudad\u201d, agreg\u00f3.<\/p>\n\n\n\n<p>Finalmente el alcalde destac\u00f3 que esta intervenci\u00f3n beneficiar\u00e1 a los comerciantes, pues adem\u00e1s de mejorar los servicios y embellecer la imagen, aumenta la plusval\u00eda de los inmuebles.<\/p>\n","protected":false},"excerpt":{"rendered":"<p>Dar\u00edo Pale Xalapa, Ver.- El presidente municipal de Xalapa, Ricardo Ahued Bardauil dio a conocer que, en 15 d\u00edas aproximadamente quedar\u00e1 concluida la rehabilitaci\u00f3n de la calle Dr. Rafael Lucio en el centro de la ciudad.\u00a0 En entrevista coment\u00f3 que, los trabajos de esta obra que inici\u00f3 en marzo se realizan actualmente en el tramo [&hellip;]<\/p>\n","protected":false},"author":2476,"featured_media":57490,"comment_status":"open","ping_status":"open","sticky":false,"template":"","format":"standard","meta":{"_jetpack_memberships_contains_paid_content":false,"footnotes":""},"categories":[3],"tags":[],"class_list":["post-57489","post","type-post","status-publish","format-standard","has-post-thumbnail","hentry","category-xalapa"],"jetpack_featured_media_url":"https:\/\/encuentroinformativo.com.mx\/wp-content\/uploads\/2024\/08\/IMG-20240812-WA00192.jpg","jetpack_sharing_enabled":true,"jetpack_likes_enabled":true,"amp_enabled":true,"_links":{"self":[{"href":"https:\/\/encuentroinformativo.com.mx\/index.php?rest_route=\/wp\/v2\/posts\/57489","targetHints":{"allow":["GET"]}}],"collection":[{"href":"https:\/\/encuentroinformativo.com.mx\/index.php?rest_route=\/wp\/v2\/posts"}],"about":[{"href":"https:\/\/encuentroinformativo.com.mx\/index.php?rest_route=\/wp\/v2\/types\/post"}],"author":[{"embeddable":true,"href":"https:\/\/encuentroinformativo.com.mx\/index.php?rest_route=\/wp\/v2\/users\/2476"}],"replies":[{"embeddable":true,"href":"https:\/\/encuentroinformativo.com.mx\/index.php?rest_route=%2Fwp%2Fv2%2Fcomments&post=57489"}],"version-history":[{"count":1,"href":"https:\/\/encuentroinformativo.com.mx\/index.php?rest_route=\/wp\/v2\/posts\/57489\/revisions"}],"predecessor-version":[{"id":57491,"href":"https:\/\/encuentroinformativo.com.mx\/index.php?rest_route=\/wp\/v2\/posts\/57489\/revisions\/57491"}],"wp:featuredmedia":[{"embeddable":true,"href":"https:\/\/encuentroinformativo.com.mx\/index.php?rest_route=\/wp\/v2\/media\/57490"}],"wp:attachment":[{"href":"https:\/\/encuentroinformativo.com.mx\/index.php?rest_route=%2Fwp%2Fv2%2Fmedia&parent=57489"}],"wp:term":[{"taxonomy":"category","embeddable":true,"href":"https:\/\/encuentroinformativo.com.mx\/index.php?rest_route=%2Fwp%2Fv2%2Fcategories&post=57489"},{"taxonomy":"post_tag","embeddable":true,"href":"https:\/\/encuentroinformativo.com.mx\/index.php?rest_route=%2Fwp%2Fv2%2Ftags&post=57489"}],"curies":[{"name":"wp","href":"https:\/\/api.w.org\/{rel}","templated":true}]}}