{"id":57492,"date":"2024-08-12T13:25:34","date_gmt":"2024-08-12T19:25:34","guid":{"rendered":"https:\/\/encuentroinformativo.com.mx\/?p=57492"},"modified":"2024-08-12T13:25:40","modified_gmt":"2024-08-12T19:25:40","slug":"insisten-transportistas-acusan-abusos-de-gruas","status":"publish","type":"post","link":"https:\/\/encuentroinformativo.com.mx\/?p=57492","title":{"rendered":"Insisten transportistas, acusan abusos de gr\u00faas"},"content":{"rendered":"\n<p><strong>Dar\u00edo Pale <\/strong><\/p>\n\n\n\n<p>Xalapa, Ver.- Abusos de grueros se cuentan en m\u00e1s de 200 al d\u00eda, en la capital del estado, adem\u00e1s crean aplicaci\u00f3n para taxistas, quieren que la revise la SSP, as\u00ed lo dieron a conocer los integrantes de la Alianza de Transportistas y Anexos de Veracruz.<\/p>\n\n\n\n<p>En conferencia de prensa Pedro Fern\u00e1ndez Fern\u00e1ndez, presidente de la Alianza estimaron que m\u00e1s de 200 personas al d\u00eda son v\u00edctimas de abusos por parte de las distintas empresas gr\u00faeras que tienen concesiones.<\/p>\n\n\n\n<p>Dichos abusos se cometen en contra de conductores de unidades particulares, pero tambi\u00e9n del transporte p\u00fablico en diversas modalidades.<br>Estim\u00f3 que tan s\u00f3lo en contra del transporte p\u00fablico deben ser unas 50 al d\u00eda, el resto en contra de los particulares, &#8220;lo que nosotros estamos pidiendo es que haya normatividad, pero no se aplica&#8221;.<\/p>\n\n\n\n<p>El l\u00edder del transporte record\u00f3 que la nueva reglamentaci\u00f3n para las gr\u00faas se qued\u00f3 a deber por parte del gobierno del Estado y de la Legislatura local.<\/p>\n\n\n\n<p>Por otra parte, critic\u00f3 que no se haya normado el uso de las aplicaciones como Uber, DiDi, entre otras que prestan servicio en unidades privadas.<\/p>\n\n\n\n<p>&#8220;Estas empresas vienen de otro pa\u00eds y aprovechan la mano de obra barata, es un trabajo desleal para nosotros los transportistas&#8221;, asever\u00f3.<\/p>\n\n\n\n<p>En otro orden de ideas, Fern\u00e1ndez Fern\u00e1ndez, adelant\u00f3 que ya tienen a un 90 por ciento una aplicaci\u00f3n del gremio de transportistas.<\/p>\n\n\n\n<p>Para ello han solicitado los permisos al Gobierno para que se eche a andar dicha aplicaci\u00f3n \u00fanicamente para los taxistas concesionados de Veracruz.<\/p>\n\n\n\n<p>&#8220;Estamos pidiendo el respaldo de la Secretar\u00eda de Seguridad P\u00fablica para que la aplicaci\u00f3n sea supervisada por SSP. El transporte es un servicio p\u00fablico y el Gobierno tiene servidores p\u00fablicos y debemos trabajar de manera conjunta para ofrecer un plus en materia de seguridad&#8221;, subray\u00f3.<\/p>\n\n\n\n<p>Finalmente, record\u00f3 que tienen 22 a\u00f1os de que no se actualizan las tarifas del transporte p\u00fablico, a pesar de que cada sexenio piden la actualizaci\u00f3n.<\/p>\n","protected":false},"excerpt":{"rendered":"<p>Dar\u00edo Pale Xalapa, Ver.- Abusos de grueros se cuentan en m\u00e1s de 200 al d\u00eda, en la capital del estado, adem\u00e1s crean aplicaci\u00f3n para taxistas, quieren que la revise la SSP, as\u00ed lo dieron a conocer los integrantes de la Alianza de Transportistas y Anexos de Veracruz. En conferencia de prensa Pedro Fern\u00e1ndez Fern\u00e1ndez, presidente [&hellip;]<\/p>\n","protected":false},"author":2476,"featured_media":57493,"comment_status":"open","ping_status":"open","sticky":false,"template":"","format":"standard","meta":{"_jetpack_memberships_contains_paid_content":false,"footnotes":""},"categories":[3],"tags":[],"class_list":["post-57492","post","type-post","status-publish","format-standard","has-post-thumbnail","hentry","category-xalapa"],"jetpack_featured_media_url":"https:\/\/encuentroinformativo.com.mx\/wp-content\/uploads\/2024\/08\/IMG-20240812-WA0048.jpg","jetpack_sharing_enabled":true,"jetpack_likes_enabled":true,"amp_enabled":true,"_links":{"self":[{"href":"https:\/\/encuentroinformativo.com.mx\/index.php?rest_route=\/wp\/v2\/posts\/57492","targetHints":{"allow":["GET"]}}],"collection":[{"href":"https:\/\/encuentroinformativo.com.mx\/index.php?rest_route=\/wp\/v2\/posts"}],"about":[{"href":"https:\/\/encuentroinformativo.com.mx\/index.php?rest_route=\/wp\/v2\/types\/post"}],"author":[{"embeddable":true,"href":"https:\/\/encuentroinformativo.com.mx\/index.php?rest_route=\/wp\/v2\/users\/2476"}],"replies":[{"embeddable":true,"href":"https:\/\/encuentroinformativo.com.mx\/index.php?rest_route=%2Fwp%2Fv2%2Fcomments&post=57492"}],"version-history":[{"count":1,"href":"https:\/\/encuentroinformativo.com.mx\/index.php?rest_route=\/wp\/v2\/posts\/57492\/revisions"}],"predecessor-version":[{"id":57494,"href":"https:\/\/encuentroinformativo.com.mx\/index.php?rest_route=\/wp\/v2\/posts\/57492\/revisions\/57494"}],"wp:featuredmedia":[{"embeddable":true,"href":"https:\/\/encuentroinformativo.com.mx\/index.php?rest_route=\/wp\/v2\/media\/57493"}],"wp:attachment":[{"href":"https:\/\/encuentroinformativo.com.mx\/index.php?rest_route=%2Fwp%2Fv2%2Fmedia&parent=57492"}],"wp:term":[{"taxonomy":"category","embeddable":true,"href":"https:\/\/encuentroinformativo.com.mx\/index.php?rest_route=%2Fwp%2Fv2%2Fcategories&post=57492"},{"taxonomy":"post_tag","embeddable":true,"href":"https:\/\/encuentroinformativo.com.mx\/index.php?rest_route=%2Fwp%2Fv2%2Ftags&post=57492"}],"curies":[{"name":"wp","href":"https:\/\/api.w.org\/{rel}","templated":true}]}}