{"id":57501,"date":"2024-08-12T14:21:44","date_gmt":"2024-08-12T20:21:44","guid":{"rendered":"https:\/\/encuentroinformativo.com.mx\/?p=57501"},"modified":"2024-08-12T14:21:48","modified_gmt":"2024-08-12T20:21:48","slug":"respalda-gobernador-a-su-homologo-de-sinaloa","status":"publish","type":"post","link":"https:\/\/encuentroinformativo.com.mx\/?p=57501","title":{"rendered":"Respalda Gobernador a su hom\u00f3logo de Sinaloa"},"content":{"rendered":"\n<p><strong>Dar\u00edo Pale<\/strong><\/p>\n\n\n\n<p>Xalapa, Ver.- Confirma su respaldo a su hom\u00f3logo de Sinaloa, Rub\u00e9n Rocha Moya, quien fue se\u00f1alado en una carta firmada por el narcotraficante Ismael &#8220;El Mayo&#8221; Zambada, al revelar que se reunir\u00eda con el mandatario el jueves 25 de julio, d\u00eda en que fue detenido, as\u00ed lo dio a conocer el gobernador Cuitl\u00e1huac Garc\u00eda Jim\u00e9nez.<\/p>\n\n\n\n<p>En conferencia de prensa, asegur\u00f3 que los dichos del capo de la droga es un intento de manchar su im\u00e1gen, &#8220;quiz\u00e1, querer justificar una acci\u00f3n que se est\u00e1 investigando por parte de la FGR contra el se\u00f1or que fue detenido en Estados Unidos y que ustedes conocen muy bien la historia&#8221;.<\/p>\n\n\n\n<p>El Mandatario veracruzano, refiri\u00f3 que este tema se le pregunt\u00f3 al presidente Andr\u00e9s Manuel L\u00f3pez Obrador y ya se conoce m\u00e1s informaci\u00f3n.<br>Dijo que no sabe por qu\u00e9 alguien miente queriendo involucrar al gobernador de Sinaloa, ya que ni siquiera estaba en el lugar donde supuestamente lo convocaron.<\/p>\n\n\n\n<p>&#8220;No solamente no sab\u00eda, sino que no estaba ah\u00ed. \u00bfC\u00f3mo es posible que a un capo lo enga\u00f1an de esa manera cuando las actividades de los gobernadores son p\u00fablicas y nosotros hemos procurado hacerlas muy p\u00fablicas?&#8221;, cuestion\u00f3.<\/p>\n\n\n\n<p>El Mandatario opin\u00f3 que los dichos de El Mayo tienen la clara intenci\u00f3n de manchar a su hom\u00f3logo, por lo que se congratul\u00f3 de que haya salido a aclarar la versi\u00f3n que lo involucra.<\/p>\n\n\n\n<p>Adem\u00e1s, consider\u00f3 que tratan de involucrarlo al tratarse de un mandarario de la 4T, y es por ello que decidieron publicar un desplegado de manera conjunta con todos los gobernadores de Morena del pa\u00eds.<\/p>\n\n\n\n<p>Presumi\u00f3 que el gobernador de Sinaloa es un hombre \u00edntegro, adem\u00e1s sabe muy bien el trabajo encomiable que ha venido realizando.<\/p>\n\n\n\n<p>Finalmente coment\u00f3 que, &#8220;s\u00ed, muy mala intenci\u00f3n de quererlo involucrar de muy mala manera&#8221;.<\/p>\n","protected":false},"excerpt":{"rendered":"<p>Dar\u00edo Pale Xalapa, Ver.- Confirma su respaldo a su hom\u00f3logo de Sinaloa, Rub\u00e9n Rocha Moya, quien fue se\u00f1alado en una carta firmada por el narcotraficante Ismael &#8220;El Mayo&#8221; Zambada, al revelar que se reunir\u00eda con el mandatario el jueves 25 de julio, d\u00eda en que fue detenido, as\u00ed lo dio a conocer el gobernador Cuitl\u00e1huac [&hellip;]<\/p>\n","protected":false},"author":2476,"featured_media":57502,"comment_status":"open","ping_status":"open","sticky":false,"template":"","format":"standard","meta":{"_jetpack_memberships_contains_paid_content":false,"footnotes":""},"categories":[2,12],"tags":[],"class_list":["post-57501","post","type-post","status-publish","format-standard","has-post-thumbnail","hentry","category-estado","category-nacional"],"jetpack_featured_media_url":"https:\/\/encuentroinformativo.com.mx\/wp-content\/uploads\/2024\/08\/IMG-20240812-WA0049.jpg","jetpack_sharing_enabled":true,"jetpack_likes_enabled":true,"amp_enabled":true,"_links":{"self":[{"href":"https:\/\/encuentroinformativo.com.mx\/index.php?rest_route=\/wp\/v2\/posts\/57501","targetHints":{"allow":["GET"]}}],"collection":[{"href":"https:\/\/encuentroinformativo.com.mx\/index.php?rest_route=\/wp\/v2\/posts"}],"about":[{"href":"https:\/\/encuentroinformativo.com.mx\/index.php?rest_route=\/wp\/v2\/types\/post"}],"author":[{"embeddable":true,"href":"https:\/\/encuentroinformativo.com.mx\/index.php?rest_route=\/wp\/v2\/users\/2476"}],"replies":[{"embeddable":true,"href":"https:\/\/encuentroinformativo.com.mx\/index.php?rest_route=%2Fwp%2Fv2%2Fcomments&post=57501"}],"version-history":[{"count":1,"href":"https:\/\/encuentroinformativo.com.mx\/index.php?rest_route=\/wp\/v2\/posts\/57501\/revisions"}],"predecessor-version":[{"id":57503,"href":"https:\/\/encuentroinformativo.com.mx\/index.php?rest_route=\/wp\/v2\/posts\/57501\/revisions\/57503"}],"wp:featuredmedia":[{"embeddable":true,"href":"https:\/\/encuentroinformativo.com.mx\/index.php?rest_route=\/wp\/v2\/media\/57502"}],"wp:attachment":[{"href":"https:\/\/encuentroinformativo.com.mx\/index.php?rest_route=%2Fwp%2Fv2%2Fmedia&parent=57501"}],"wp:term":[{"taxonomy":"category","embeddable":true,"href":"https:\/\/encuentroinformativo.com.mx\/index.php?rest_route=%2Fwp%2Fv2%2Fcategories&post=57501"},{"taxonomy":"post_tag","embeddable":true,"href":"https:\/\/encuentroinformativo.com.mx\/index.php?rest_route=%2Fwp%2Fv2%2Ftags&post=57501"}],"curies":[{"name":"wp","href":"https:\/\/api.w.org\/{rel}","templated":true}]}}