{"id":57507,"date":"2024-08-12T16:39:33","date_gmt":"2024-08-12T22:39:33","guid":{"rendered":"https:\/\/encuentroinformativo.com.mx\/?p=57507"},"modified":"2024-08-12T16:39:40","modified_gmt":"2024-08-12T22:39:40","slug":"entro-en-vigor-ley-de-atencion-a-violencia-familiar","status":"publish","type":"post","link":"https:\/\/encuentroinformativo.com.mx\/?p=57507","title":{"rendered":"Entro en vigor, Ley de Atenci\u00f3n a Violencia Familiar"},"content":{"rendered":"\n<p><strong>Dar\u00edo Pale<\/strong><\/p>\n\n\n\n<p>Xalapa, Ver.- La Directora General del Sistema Estatal para el Desarrollo Integral de la Familia (DIF), Rebeca Quintanar Barcel\u00f3, dio a conocer que despu\u00e9s de aprobarse en el Congreso del Estado se puso en vigor la Ley de Prevenci\u00f3n, Atenci\u00f3n y Asistencia a la Violencia Familiar en el Estado de Veracruz.<\/p>\n\n\n\n<p>En conferencia de prensa se\u00f1al\u00f3 que dicha herramienta reconoce a todos los tipos de familia para proteger a todos sus integrantes de posibles hechos de violencia al interior de las mismas.\u00a0<\/p>\n\n\n\n<p>Adem\u00e1s anunci\u00f3 la creaci\u00f3n del Consejo Estatal, en coordinaci\u00f3n con las autoridades de todos los poderes del Estado, para garantizar los derechos de las familias veracruzanas.\u00a0<\/p>\n\n\n\n<p>A trav\u00e9s del Consejo se buscar\u00e1 la sensibilizaci\u00f3n de las autoridades en materia de violencia familiar, desde el sector salud, en el sector educativo, en las instancias infantiles.\u00a0<\/p>\n\n\n\n<p>\u201cOtra cuesti\u00f3n muy importante, por supuesto relevante, es la capacitaci\u00f3n para que todas las instituciones que se encuentran contenidas en esta ley puedan otorgar atenci\u00f3n especializada. Y eso, por supuesto, va de la mano con que la ley contempla una atenci\u00f3n integral a todas y cada una de las personas que contemplan\u201d, se\u00f1al\u00f3.<\/p>\n\n\n\n<p>Adem\u00e1s, los 212 ayuntamientos del Estado de Veracruz tendr\u00e1n que coadyuvar en la implementaci\u00f3n de pol\u00edticas p\u00fablicas que vayan de la mano con las del Estado, a efectos de poder erradicar la violencia familiar en el Estado de Veracruz.\u00a0<\/p>\n\n\n\n<p>Por su parte, el coordinador de Alerta del Sistema de Alerta Temprana, Alan Campos L\u00f3pez explic\u00f3 que esta ley que se empez\u00f3 a trabajar Desde 2021 ya publicada en la Gaceta Oficial del Estado de Veracruz, llevar\u00e1 todav\u00eda algunos procesos para que se pueda conformar de manera completa y regular, acorde a la misma legislaci\u00f3n.<\/p>\n\n\n\n<p>Ante ello, se deber\u00e1 instalar el Consejo, posteriormente se har\u00e1 la emisi\u00f3n del reglamento y el programa de prevenci\u00f3n, atenci\u00f3n y asistencia a la violencia familiar en el Estado de Veracruz, en un lapso de 120 d\u00edas naturales.<\/p>\n\n\n\n<p>La ley no solamente atiende a ni\u00f1as, ni\u00f1os y adolescentes, sino a mujeres, adultos mayores y a hombres.<\/p>\n\n\n\n<p>Por \u00faltimo dijo que, \u201centonces, esta protecci\u00f3n integral le va a permitir a cualquier autoridad, en uso de sus funciones y debidamente mediante acciones fundadas y motivadas, decretar medidas urgentes, cuando cualquier personaje, cualquier integrante de la familia, se encuentre bajo un riesgo inminente\u201d.<\/p>\n\n\n\n<p>Finalmente, inform\u00f3 que el Consejo Estatal para la Prevenci\u00f3n y Asistencia de la Violencia Familiar est\u00e1 integrado por la Fiscal\u00eda General del Estado de Veracruz, el Centro de Justicia para las Mujeres y el resto.&nbsp;<\/p>\n","protected":false},"excerpt":{"rendered":"<p>Dar\u00edo Pale Xalapa, Ver.- La Directora General del Sistema Estatal para el Desarrollo Integral de la Familia (DIF), Rebeca Quintanar Barcel\u00f3, dio a conocer que despu\u00e9s de aprobarse en el Congreso del Estado se puso en vigor la Ley de Prevenci\u00f3n, Atenci\u00f3n y Asistencia a la Violencia Familiar en el Estado de Veracruz. En conferencia [&hellip;]<\/p>\n","protected":false},"author":2476,"featured_media":57508,"comment_status":"open","ping_status":"open","sticky":false,"template":"","format":"standard","meta":{"_jetpack_memberships_contains_paid_content":false,"footnotes":""},"categories":[2],"tags":[],"class_list":["post-57507","post","type-post","status-publish","format-standard","has-post-thumbnail","hentry","category-estado"],"jetpack_featured_media_url":"https:\/\/encuentroinformativo.com.mx\/wp-content\/uploads\/2024\/08\/IMG-20240812-WA00962.jpg","jetpack_sharing_enabled":true,"jetpack_likes_enabled":true,"amp_enabled":true,"_links":{"self":[{"href":"https:\/\/encuentroinformativo.com.mx\/index.php?rest_route=\/wp\/v2\/posts\/57507","targetHints":{"allow":["GET"]}}],"collection":[{"href":"https:\/\/encuentroinformativo.com.mx\/index.php?rest_route=\/wp\/v2\/posts"}],"about":[{"href":"https:\/\/encuentroinformativo.com.mx\/index.php?rest_route=\/wp\/v2\/types\/post"}],"author":[{"embeddable":true,"href":"https:\/\/encuentroinformativo.com.mx\/index.php?rest_route=\/wp\/v2\/users\/2476"}],"replies":[{"embeddable":true,"href":"https:\/\/encuentroinformativo.com.mx\/index.php?rest_route=%2Fwp%2Fv2%2Fcomments&post=57507"}],"version-history":[{"count":1,"href":"https:\/\/encuentroinformativo.com.mx\/index.php?rest_route=\/wp\/v2\/posts\/57507\/revisions"}],"predecessor-version":[{"id":57509,"href":"https:\/\/encuentroinformativo.com.mx\/index.php?rest_route=\/wp\/v2\/posts\/57507\/revisions\/57509"}],"wp:featuredmedia":[{"embeddable":true,"href":"https:\/\/encuentroinformativo.com.mx\/index.php?rest_route=\/wp\/v2\/media\/57508"}],"wp:attachment":[{"href":"https:\/\/encuentroinformativo.com.mx\/index.php?rest_route=%2Fwp%2Fv2%2Fmedia&parent=57507"}],"wp:term":[{"taxonomy":"category","embeddable":true,"href":"https:\/\/encuentroinformativo.com.mx\/index.php?rest_route=%2Fwp%2Fv2%2Fcategories&post=57507"},{"taxonomy":"post_tag","embeddable":true,"href":"https:\/\/encuentroinformativo.com.mx\/index.php?rest_route=%2Fwp%2Fv2%2Ftags&post=57507"}],"curies":[{"name":"wp","href":"https:\/\/api.w.org\/{rel}","templated":true}]}}