{"id":57526,"date":"2024-08-13T11:40:56","date_gmt":"2024-08-13T17:40:56","guid":{"rendered":"https:\/\/encuentroinformativo.com.mx\/?p=57526"},"modified":"2024-08-13T11:41:02","modified_gmt":"2024-08-13T17:41:02","slug":"reliquias-de-san-judas-tadeo-visitaran-xalapa","status":"publish","type":"post","link":"https:\/\/encuentroinformativo.com.mx\/?p=57526","title":{"rendered":"Reliquias de San Judas Tadeo visitar\u00e1n Xalapa"},"content":{"rendered":"\n<p><strong>Dar\u00edo Pale <\/strong><\/p>\n\n\n\n<p>Xalapa, Ver.- Anuncia Arquidi\u00f3cesis de Xalapa visita de la Reliquia de san Judas Tadeo, una de las devociones m\u00e1s arraigadas en M\u00e9xico por lo que el jueves 5 estar\u00e1 en la parroquia de Nuestra Se\u00f1ora de la Candelaria, de Cosautl\u00e1n.<\/p>\n\n\n\n<p>A trav\u00e9s de un comunicado la Arquidi\u00f3cesis de Xalapa dio a conocer que una reliquia de San Judas Tadeo visitar\u00e1 la Arquidi\u00f3cesis de Xalapa el pr\u00f3ximo mes de septiembre del presente a\u00f1o, recorriendo algunas parroquias de nuestro estado para que pueda ser venerada por el mayor n\u00famero de fieles.<\/p>\n\n\n\n<p>Al respecto, la Arquidi\u00f3cesis de Xalapa, indic\u00f3 que una de las devociones m\u00e1s arraigadas en M\u00e9xico es el culto a san Judas Tadeo, uno de los 12 ap\u00f3stoles elegidos por Jesucristo, considerado el patr\u00f3n de las causas dif\u00edciles.<\/p>\n\n\n\n<p>Los restos mortales de san Judas Tadeo se encuentran debajo del altar principal de la capilla dedicada a san Jos\u00e9, al lado izquierdo del baldaquino central de la Bas\u00edlica de san Pedro en el Vaticano.<\/p>\n\n\n\n<p>Un fragmento del hueso del brazo de san Judas Tadeo se conserva habitualmente expuesto en la Basilica de Salvatore in Lauro en Roma y ante la devoci\u00f3n popular, esta reliquia visitar\u00e1 M\u00e9xico de julio a diciembre del 2024.<\/p>\n\n\n\n<p>Por \u00faltimo se\u00f1ala que la reliquia llegar\u00e1 el lunes 2 de septiembre a la parroquia de Santa Mar\u00eda Magdalena, de Altotonga; el martes 3 ser\u00e1 recibida en la parroquia de San Miguel Arc\u00e1ngel, de Perote; el mi\u00e9rcoles 4 ser\u00e1 trasladada a la parroquia de Cristo Rey, de Alto Lucero; el jueves 5 estar\u00e1 en la parroquia de Nuestra Se\u00f1ora de la Candelaria, de Cosautl\u00e1n; el viernes 6 llegar\u00e1 a la parroquia de San Judas Tadeo, de Xalapa, y el s\u00e1bado 7 y domingo 8 ser\u00e1 recibida en La Catedral Metropolitana de Xalapa.<\/p>\n","protected":false},"excerpt":{"rendered":"<p>Dar\u00edo Pale Xalapa, Ver.- Anuncia Arquidi\u00f3cesis de Xalapa visita de la Reliquia de san Judas Tadeo, una de las devociones m\u00e1s arraigadas en M\u00e9xico por lo que el jueves 5 estar\u00e1 en la parroquia de Nuestra Se\u00f1ora de la Candelaria, de Cosautl\u00e1n. A trav\u00e9s de un comunicado la Arquidi\u00f3cesis de Xalapa dio a conocer que [&hellip;]<\/p>\n","protected":false},"author":2476,"featured_media":57527,"comment_status":"open","ping_status":"open","sticky":false,"template":"","format":"standard","meta":{"_jetpack_memberships_contains_paid_content":false,"footnotes":""},"categories":[3],"tags":[],"class_list":["post-57526","post","type-post","status-publish","format-standard","has-post-thumbnail","hentry","category-xalapa"],"jetpack_featured_media_url":"https:\/\/encuentroinformativo.com.mx\/wp-content\/uploads\/2024\/08\/IMG-20240813-WA0012.jpg","jetpack_sharing_enabled":true,"jetpack_likes_enabled":true,"amp_enabled":true,"_links":{"self":[{"href":"https:\/\/encuentroinformativo.com.mx\/index.php?rest_route=\/wp\/v2\/posts\/57526","targetHints":{"allow":["GET"]}}],"collection":[{"href":"https:\/\/encuentroinformativo.com.mx\/index.php?rest_route=\/wp\/v2\/posts"}],"about":[{"href":"https:\/\/encuentroinformativo.com.mx\/index.php?rest_route=\/wp\/v2\/types\/post"}],"author":[{"embeddable":true,"href":"https:\/\/encuentroinformativo.com.mx\/index.php?rest_route=\/wp\/v2\/users\/2476"}],"replies":[{"embeddable":true,"href":"https:\/\/encuentroinformativo.com.mx\/index.php?rest_route=%2Fwp%2Fv2%2Fcomments&post=57526"}],"version-history":[{"count":1,"href":"https:\/\/encuentroinformativo.com.mx\/index.php?rest_route=\/wp\/v2\/posts\/57526\/revisions"}],"predecessor-version":[{"id":57528,"href":"https:\/\/encuentroinformativo.com.mx\/index.php?rest_route=\/wp\/v2\/posts\/57526\/revisions\/57528"}],"wp:featuredmedia":[{"embeddable":true,"href":"https:\/\/encuentroinformativo.com.mx\/index.php?rest_route=\/wp\/v2\/media\/57527"}],"wp:attachment":[{"href":"https:\/\/encuentroinformativo.com.mx\/index.php?rest_route=%2Fwp%2Fv2%2Fmedia&parent=57526"}],"wp:term":[{"taxonomy":"category","embeddable":true,"href":"https:\/\/encuentroinformativo.com.mx\/index.php?rest_route=%2Fwp%2Fv2%2Fcategories&post=57526"},{"taxonomy":"post_tag","embeddable":true,"href":"https:\/\/encuentroinformativo.com.mx\/index.php?rest_route=%2Fwp%2Fv2%2Ftags&post=57526"}],"curies":[{"name":"wp","href":"https:\/\/api.w.org\/{rel}","templated":true}]}}