{"id":57529,"date":"2024-08-13T13:37:43","date_gmt":"2024-08-13T19:37:43","guid":{"rendered":"https:\/\/encuentroinformativo.com.mx\/?p=57529"},"modified":"2024-08-13T13:37:49","modified_gmt":"2024-08-13T19:37:49","slug":"abren-nueva-fecha-para-leyendas-los-encantos-de-xalapa","status":"publish","type":"post","link":"https:\/\/encuentroinformativo.com.mx\/?p=57529","title":{"rendered":"Abren nueva fecha para leyendas &#8220;Los encantos de Xalapa&#8221;"},"content":{"rendered":"\n<p><strong>Dar\u00edo Pale <\/strong><\/p>\n\n\n\n<p>Xalapa, Ver.- El director de Turismo Municipal, Josu\u00e9 V\u00e1zquez Gonz\u00e1lez, dio a conocer que, debido a la alta demanda que ha tenido el Tour de Leyendas \u201cLos Encantos de Xalapa\u201d durante las vacaciones de verano, el Ayuntamiento de Xalapa determin\u00f3 abrir una fecha adicional para este viernes 16 de agosto, la cual ser\u00e1 la \u00faltima oportunidad de disfrutar de dicha experiencia nocturna de la temporada.<\/p>\n\n\n\n<p>En entrevista se\u00f1alo que, \u201cel \u00e9xito de las tres fechas programadas ha sido rotundo, con la participaci\u00f3n de m\u00e1s de 100 personas en cada recorrido, tanto turistas como residentes locales.<\/p>\n\n\n\n<p>Esta \u00faltima funci\u00f3n del viernes es una excelente oportunidad para aquellos que a\u00fan no han podido disfrutar de esta maravillosa puesta en escena nocturna que resalta las leyendas y la magia de nuestra ciudad\u201d.\u00a0<\/p>\n\n\n\n<p>Durante las vacaciones, los visitantes han tenido la oportunidad de disfrutar de una amplia gama de actividades tur\u00edsticas, que cada temporada vacacional atraen a m\u00e1s p\u00fablico.\u00a0<\/p>\n\n\n\n<p>\u201cHemos notado un flujo considerable de visitantes recorriendo nuestras calles, interesados en conocer las maravillas de Xalapa. Gracias a esto, hemos registrado cifras positivas en t\u00e9rminos de afluencia tur\u00edstica durante julio y lo que llevamos de agosto\u201d, se\u00f1al\u00f3.<\/p>\n\n\n\n<p>El director de Turismo tambi\u00e9n invit\u00f3 a la poblaci\u00f3n a participar en las actividades programadas para los \u00faltimos d\u00edas de vacaciones.\u00a0<\/p>\n\n\n\n<p>El viernes 16 de agosto, adem\u00e1s del Tour de Leyendas, se llevar\u00e1 a cabo el Tour de Barras de Especialidad Xalapa Caf\u00e9 &amp; Aroma a las 17:00 horas, partiendo del m\u00f3dulo de informaci\u00f3n tur\u00edstica ubicado en el parque Ju\u00e1rez.\u00a0<\/p>\n\n\n\n<p>\u201cEste recorrido es ideal para los amantes del caf\u00e9 que desean explorar las diversas barras de especialidad que ofrece la ciudad\u201d, coment\u00f3.<\/p>\n\n\n\n<p>Asimismo, el s\u00e1bado 17 de agosto a las 8:00 horas se realizar\u00e1 un nuevo recorrido por los Caminos de San Rafael, una caminata de 8 kil\u00f3metros que permitir\u00e1 a los participantes disfrutar de los bellos paisajes, miradores, y la flora y fauna end\u00e9mica de la regi\u00f3n.<\/p>\n\n\n\n<p>\u201cEste recorrido incluye la visita a una granja de quesos de cabra y actividades de senderismo en un entorno rural, perfectas para disfrutar en familia o con amigos\u201d.\u00a0<\/p>\n\n\n\n<p>Para conocer los detalles sobre horarios y el proceso de reservaci\u00f3n, los interesados pueden consultar las redes sociales de la Direcci\u00f3n de Turismo: VisitaXalapa.\u00a0<\/p>\n\n\n\n<p>Finalmente coment\u00f3 que, \u201ctodo esto solo se vive aqu\u00ed, en el mejor destino de la regi\u00f3n: Xalapa, la capital de las virtudes\u201d.<\/p>\n","protected":false},"excerpt":{"rendered":"<p>Dar\u00edo Pale Xalapa, Ver.- El director de Turismo Municipal, Josu\u00e9 V\u00e1zquez Gonz\u00e1lez, dio a conocer que, debido a la alta demanda que ha tenido el Tour de Leyendas \u201cLos Encantos de Xalapa\u201d durante las vacaciones de verano, el Ayuntamiento de Xalapa determin\u00f3 abrir una fecha adicional para este viernes 16 de agosto, la cual ser\u00e1 [&hellip;]<\/p>\n","protected":false},"author":2476,"featured_media":57530,"comment_status":"open","ping_status":"open","sticky":false,"template":"","format":"standard","meta":{"_jetpack_memberships_contains_paid_content":false,"footnotes":""},"categories":[3],"tags":[],"class_list":["post-57529","post","type-post","status-publish","format-standard","has-post-thumbnail","hentry","category-xalapa"],"jetpack_featured_media_url":"https:\/\/encuentroinformativo.com.mx\/wp-content\/uploads\/2024\/08\/IMG-20240813-WA0045.jpg","jetpack_sharing_enabled":true,"jetpack_likes_enabled":true,"amp_enabled":true,"_links":{"self":[{"href":"https:\/\/encuentroinformativo.com.mx\/index.php?rest_route=\/wp\/v2\/posts\/57529","targetHints":{"allow":["GET"]}}],"collection":[{"href":"https:\/\/encuentroinformativo.com.mx\/index.php?rest_route=\/wp\/v2\/posts"}],"about":[{"href":"https:\/\/encuentroinformativo.com.mx\/index.php?rest_route=\/wp\/v2\/types\/post"}],"author":[{"embeddable":true,"href":"https:\/\/encuentroinformativo.com.mx\/index.php?rest_route=\/wp\/v2\/users\/2476"}],"replies":[{"embeddable":true,"href":"https:\/\/encuentroinformativo.com.mx\/index.php?rest_route=%2Fwp%2Fv2%2Fcomments&post=57529"}],"version-history":[{"count":1,"href":"https:\/\/encuentroinformativo.com.mx\/index.php?rest_route=\/wp\/v2\/posts\/57529\/revisions"}],"predecessor-version":[{"id":57531,"href":"https:\/\/encuentroinformativo.com.mx\/index.php?rest_route=\/wp\/v2\/posts\/57529\/revisions\/57531"}],"wp:featuredmedia":[{"embeddable":true,"href":"https:\/\/encuentroinformativo.com.mx\/index.php?rest_route=\/wp\/v2\/media\/57530"}],"wp:attachment":[{"href":"https:\/\/encuentroinformativo.com.mx\/index.php?rest_route=%2Fwp%2Fv2%2Fmedia&parent=57529"}],"wp:term":[{"taxonomy":"category","embeddable":true,"href":"https:\/\/encuentroinformativo.com.mx\/index.php?rest_route=%2Fwp%2Fv2%2Fcategories&post=57529"},{"taxonomy":"post_tag","embeddable":true,"href":"https:\/\/encuentroinformativo.com.mx\/index.php?rest_route=%2Fwp%2Fv2%2Ftags&post=57529"}],"curies":[{"name":"wp","href":"https:\/\/api.w.org\/{rel}","templated":true}]}}