{"id":5754,"date":"2020-09-11T07:21:20","date_gmt":"2020-09-11T12:21:20","guid":{"rendered":"https:\/\/encuentroinformativo.com.mx\/?p=5754"},"modified":"2020-09-11T02:45:58","modified_gmt":"2020-09-11T07:45:58","slug":"no-soy-delincuente-itiel-lo-trasladan-a-oaxaca","status":"publish","type":"post","link":"https:\/\/encuentroinformativo.com.mx\/?p=5754","title":{"rendered":"NO SOY DELINCUENTE: ITIEL; LO TRASLADAN A OAXACA"},"content":{"rendered":"\n<p><strong>+ Descanse en paz, \u00c1lvaro Bel\u00edn.<\/strong><\/p>\n\n\n\n<p><strong>Definitivamente, un a\u00f1o de la gaver<\/strong><\/p>\n\n\n\n<p><strong>&#8211;Chopenjawer de luto<\/strong><\/p>\n\n\n\n<p>Este jueves por la ma\u00f1ana, luego de una audiencia de 15 horas, la Fiscal\u00eda Regional Zona Centro Veracruz obtuvo la vinculaci\u00f3n a proceso en contra de Itiel &#8220;N&#8221;, por su presunta responsabilidad en el delito de homicidio doloso calificado, en agravio del diputado local Juan Carlos Molina, hechos que ocurrieron el 10 de noviembre de 2019.<\/p>\n\n\n\n<p>Los fiscales a cargo del caso lograron mantener fija como medida cautelar la prisi\u00f3n preventiva oficiosa, por el tiempo que dure el proceso.<\/p>\n\n\n\n<p>M\u00e1s tarde, a trav\u00e9s de redes sociales, una persona identificada como parte del equipo de abogados de Itiel &#8220;N&#8221;, de nombre Gerardo Ortega, envi\u00f3 a diversos medios un comunicado pidiendo el derecho de r\u00e9plica para su cliente, quien por cierto ya se encuentra en el penal federal de Miahuatl\u00e1n, Oaxaca.<\/p>\n\n\n\n<p>Seg\u00fan su representante, a Itiel &#8220;N&#8221; lo habr\u00edan movilizado cerca de la medianoche y en la madrugada lleg\u00f3 al centro penitenciario en la vecina entidad, en un municipio bastante alejado, entre la capital oaxaque\u00f1a y Huatulco.<\/p>\n\n\n\n<p>En la carta enviada a medios de comunicaci\u00f3n, Itiel \u201cN\u201d se declara inocente de la acusaci\u00f3n de ser el asesino del diputado Juan Carlos Molina.<\/p>\n\n\n\n<p>&#8220;El pasado 3 de septiembre fui detenido injustamente, argument\u00e1ndome el homicidio de un diputado del estado de Veracruz, adem\u00e1s de que me acusan sin el menor fundamento, de pertenecer a la delincuencia organizada y de imponerme diferentes alias, violentando mi vida privada, honor e imagen&#8221;, dice en el segundo p\u00e1rrafo.<\/p>\n\n\n\n<p>Agrega: &#8220;Reconozco que ya desde hace varios meses, inici\u00f3 una campa\u00f1a de desprestigio en mi contra, pero tras el temor de sufrir alguna represalia y para garantizar la integridad de mi familia, hab\u00eda preferido evitar alguna postura; sin imaginar que esto ser\u00eda el pre\u00e1mbulo para imputarme estos terribles delitos&#8221;.<\/p>\n\n\n\n<p>Y en la parte medular, afirma: &#8220;Lamentablemente en las \u00faltimas horas mi familia y yo hemos recibido amenazas de muerte, por lo que exijo a las autoridades federales y estatales su intervenci\u00f3n y protecci\u00f3n.\u201d<\/p>\n\n\n\n<p>Finaliza diciendo: &#8220;no soy delincuente y ni me apodo el Compa Playa&#8221;.<\/p>\n\n\n\n<p>Por cierto, una asociaci\u00f3n civil denominada Asociaci\u00f3n Internacional de los Derechos Humanos para la Defensa, Difusi\u00f3n, Promoci\u00f3n y Observancia, a trav\u00e9s de una persona identificada como Fortino L\u00f3pez Balc\u00e1zar, pidi\u00f3 &#8220;seguridad personal&#8221; al director del centro penitenciario federal para preservar la vida e integridad personal de Itiel &#8220;N&#8221;, debido a las amenazas de muerte.<\/p>\n\n\n\n<p>Vale comentar que el asunto de la detenci\u00f3n de Itiel &#8220;N&#8221; estuvo muy raro. De entrada, la propia Fiscal\u00eda de Veracruz no hizo gran alharaca con el asunto, que primero se filtr\u00f3 a medios de comunicaci\u00f3n con la versi\u00f3n de que era el asesino del diputado Molina. De hecho, horas despu\u00e9s ni siquiera fue confirmado a trav\u00e9s de un bolet\u00edn oficial.&nbsp;<\/p>\n\n\n\n<p>A todo lo anterior se debe a\u00f1adir que existen rumores de que el asunto de Juan Carlos Molina podr\u00eda haber sido un problema meramente dom\u00e9stico, un conflicto familiar, a ra\u00edz de que al fallecido dirigente campesino y empresario ganadero le habr\u00edan descubierto una vida alterna con una joven legisladora. Otra versi\u00f3n habla de un problema de dinero y pr\u00e9stamos a cercanos que no quiso hacer el desaparecido legislador.<\/p>\n\n\n\n<p>Esto no es descabellado si se toma como en cuenta que la ejecuci\u00f3n de Molina Palacios fue al interior de su propio rancho, en un sitio donde muy probablemente se sent\u00eda seguro. No fue un ataque sobre la carretera o en un sitio lejos de su zona de confort.<\/p>\n\n\n\n<p>Adem\u00e1s, meses despu\u00e9s, en febrero de 2020, Francisco Gu\u00edzar Pav\u00f3n, conocido como &#8220;El Rey del Huachicol&#8221; y suegro de Molina Palacios, tambi\u00e9n fue asesinado, pero en la ciudad de Puebla.<\/p>\n\n\n\n<p>Por lo pronto, a Itiel &#8220;N&#8221; lo tienen detenido y ya se ver\u00e1 si logra comprobar su inocencia.<\/p>\n\n\n\n<p><strong>LA \u00daNICA NOTA PARA PEGAR EN EL REFRI: <\/strong>Al columnista \u00c1lvaro Bel\u00edn Andrade todav\u00eda lo vimos el lunes, en una comida de periodistas con la diputada Dorheny Garc\u00eda. Compartimos taco, echamos grilla, desmadre, porque si algo ten\u00eda el buen \u00c1lvaro es que andaba siempre a las risas. Autor de la columna &#8220;Hora Libre&#8221;, tambi\u00e9n era subdirector del portal &#8220;Formato Siete&#8221;, donde colabor\u00f3 en los \u00faltimos a\u00f1os con el tambi\u00e9n periodista Manuel Rosete, con quien hac\u00eda una dupla muy conocida en la capital veracruzana. Anoche, cerca de las 22 horas, la noticia impact\u00f3 a muchos periodistas radicados en Xalapa, porque Bel\u00edn se llevaba con mucha flota y era muy llevadero. Se llevaba hasta con los m\u00e1s j\u00f3venes. Nadie lo pod\u00eda creer. Todo muy r\u00e1pido y fulminante&#8230; Descanse en paz, el buen \u00c1lvaro.<\/p>\n\n\n\n<p><strong>@pablojair<\/strong><\/p>\n","protected":false},"excerpt":{"rendered":"<p>+ Descanse en paz, \u00c1lvaro Bel\u00edn. Definitivamente, un a\u00f1o de la gaver &#8211;Chopenjawer de luto Este jueves por la ma\u00f1ana, luego de una audiencia de 15 horas, la Fiscal\u00eda Regional Zona Centro Veracruz obtuvo la vinculaci\u00f3n a proceso en contra de Itiel &#8220;N&#8221;, por su presunta responsabilidad en el delito de homicidio doloso calificado, en [&hellip;]<\/p>\n","protected":false},"author":1,"featured_media":488,"comment_status":"open","ping_status":"open","sticky":false,"template":"","format":"aside","meta":{"_jetpack_memberships_contains_paid_content":false,"footnotes":""},"categories":[11],"tags":[],"class_list":["post-5754","post","type-post","status-publish","format-aside","has-post-thumbnail","hentry","category-opinion","post_format-post-format-aside"],"jetpack_featured_media_url":"https:\/\/encuentroinformativo.com.mx\/wp-content\/uploads\/2020\/03\/F471F608-BA1A-416B-BA7B-BCFB24F4E6D0.jpeg","jetpack_sharing_enabled":true,"jetpack_likes_enabled":true,"amp_enabled":true,"_links":{"self":[{"href":"https:\/\/encuentroinformativo.com.mx\/index.php?rest_route=\/wp\/v2\/posts\/5754","targetHints":{"allow":["GET"]}}],"collection":[{"href":"https:\/\/encuentroinformativo.com.mx\/index.php?rest_route=\/wp\/v2\/posts"}],"about":[{"href":"https:\/\/encuentroinformativo.com.mx\/index.php?rest_route=\/wp\/v2\/types\/post"}],"author":[{"embeddable":true,"href":"https:\/\/encuentroinformativo.com.mx\/index.php?rest_route=\/wp\/v2\/users\/1"}],"replies":[{"embeddable":true,"href":"https:\/\/encuentroinformativo.com.mx\/index.php?rest_route=%2Fwp%2Fv2%2Fcomments&post=5754"}],"version-history":[{"count":1,"href":"https:\/\/encuentroinformativo.com.mx\/index.php?rest_route=\/wp\/v2\/posts\/5754\/revisions"}],"predecessor-version":[{"id":5755,"href":"https:\/\/encuentroinformativo.com.mx\/index.php?rest_route=\/wp\/v2\/posts\/5754\/revisions\/5755"}],"wp:featuredmedia":[{"embeddable":true,"href":"https:\/\/encuentroinformativo.com.mx\/index.php?rest_route=\/wp\/v2\/media\/488"}],"wp:attachment":[{"href":"https:\/\/encuentroinformativo.com.mx\/index.php?rest_route=%2Fwp%2Fv2%2Fmedia&parent=5754"}],"wp:term":[{"taxonomy":"category","embeddable":true,"href":"https:\/\/encuentroinformativo.com.mx\/index.php?rest_route=%2Fwp%2Fv2%2Fcategories&post=5754"},{"taxonomy":"post_tag","embeddable":true,"href":"https:\/\/encuentroinformativo.com.mx\/index.php?rest_route=%2Fwp%2Fv2%2Ftags&post=5754"}],"curies":[{"name":"wp","href":"https:\/\/api.w.org\/{rel}","templated":true}]}}