{"id":57549,"date":"2024-08-13T20:08:17","date_gmt":"2024-08-14T02:08:17","guid":{"rendered":"https:\/\/encuentroinformativo.com.mx\/?p=57549"},"modified":"2024-08-13T20:08:22","modified_gmt":"2024-08-14T02:08:22","slug":"rehabilitado-el-muro-afectado-en-la-plaza-de-los-valores-alcalde-jm-unanue","status":"publish","type":"post","link":"https:\/\/encuentroinformativo.com.mx\/?p=57549","title":{"rendered":"Rehabilitado el muro afectado en la Plaza de los Valores: Alcalde JM Un\u00e1nue"},"content":{"rendered":"\n<p>Boca del R\u00edo, Ver.- El alcalde de Boca del R\u00edo, Juan Manuel Un\u00e1nue Abascal, realiz\u00f3 recorrido de supervisi\u00f3n en la Plaza de los Valores, donde el muro result\u00f3 afectado por diversos fen\u00f3menos meteorol\u00f3gicos en nuestra ciudad, por lo que el gobierno municipal de manera pronta atendi\u00f3 la afectaci\u00f3n.<\/p>\n\n\n\n<p>\u201cLa rehabilitaci\u00f3n del muro de contenci\u00f3n en la Plaza de los Valores qued\u00f3 terminada, para que boque\u00f1os y turistas sigan disfrutando de este espacio emblem\u00e1tico en la ciudad\u201d, enfatiz\u00f3 el edil.<\/p>\n\n\n\n<p>Dicho espacio se encuentra ubicado en el Bulevar Manuel \u00c1vila Camacho, donde miles de personas diariamente lo utilizan como un espacio de reuni\u00f3n, recreaci\u00f3n y para su acondicionamiento f\u00edsico, a partir de esta fecha lo podr\u00e1n hacer de forma segura y sin restricciones.<\/p>\n\n\n\n<figure class=\"wp-block-image size-large\"><img loading=\"lazy\" decoding=\"async\" width=\"1024\" height=\"682\" src=\"https:\/\/encuentroinformativo.com.mx\/wp-content\/uploads\/2024\/08\/1000362262-1024x682.jpg\" alt=\"\" class=\"wp-image-57551\" srcset=\"https:\/\/encuentroinformativo.com.mx\/wp-content\/uploads\/2024\/08\/1000362262-1024x682.jpg 1024w, https:\/\/encuentroinformativo.com.mx\/wp-content\/uploads\/2024\/08\/1000362262-300x200.jpg 300w, https:\/\/encuentroinformativo.com.mx\/wp-content\/uploads\/2024\/08\/1000362262-768x512.jpg 768w, https:\/\/encuentroinformativo.com.mx\/wp-content\/uploads\/2024\/08\/1000362262.jpg 1280w\" sizes=\"auto, (max-width: 1024px) 100vw, 1024px\" \/><\/figure>\n","protected":false},"excerpt":{"rendered":"<p>Boca del R\u00edo, Ver.- El alcalde de Boca del R\u00edo, Juan Manuel Un\u00e1nue Abascal, realiz\u00f3 recorrido de supervisi\u00f3n en la Plaza de los Valores, donde el muro result\u00f3 afectado por diversos fen\u00f3menos meteorol\u00f3gicos en nuestra ciudad, por lo que el gobierno municipal de manera pronta atendi\u00f3 la afectaci\u00f3n. \u201cLa rehabilitaci\u00f3n del muro de contenci\u00f3n en [&hellip;]<\/p>\n","protected":false},"author":2476,"featured_media":57550,"comment_status":"open","ping_status":"open","sticky":false,"template":"","format":"standard","meta":{"_jetpack_memberships_contains_paid_content":false,"footnotes":""},"categories":[2],"tags":[],"class_list":["post-57549","post","type-post","status-publish","format-standard","has-post-thumbnail","hentry","category-estado"],"jetpack_featured_media_url":"https:\/\/encuentroinformativo.com.mx\/wp-content\/uploads\/2024\/08\/IMG-20240813-WA0077.jpg","jetpack_sharing_enabled":true,"jetpack_likes_enabled":true,"amp_enabled":true,"_links":{"self":[{"href":"https:\/\/encuentroinformativo.com.mx\/index.php?rest_route=\/wp\/v2\/posts\/57549","targetHints":{"allow":["GET"]}}],"collection":[{"href":"https:\/\/encuentroinformativo.com.mx\/index.php?rest_route=\/wp\/v2\/posts"}],"about":[{"href":"https:\/\/encuentroinformativo.com.mx\/index.php?rest_route=\/wp\/v2\/types\/post"}],"author":[{"embeddable":true,"href":"https:\/\/encuentroinformativo.com.mx\/index.php?rest_route=\/wp\/v2\/users\/2476"}],"replies":[{"embeddable":true,"href":"https:\/\/encuentroinformativo.com.mx\/index.php?rest_route=%2Fwp%2Fv2%2Fcomments&post=57549"}],"version-history":[{"count":1,"href":"https:\/\/encuentroinformativo.com.mx\/index.php?rest_route=\/wp\/v2\/posts\/57549\/revisions"}],"predecessor-version":[{"id":57552,"href":"https:\/\/encuentroinformativo.com.mx\/index.php?rest_route=\/wp\/v2\/posts\/57549\/revisions\/57552"}],"wp:featuredmedia":[{"embeddable":true,"href":"https:\/\/encuentroinformativo.com.mx\/index.php?rest_route=\/wp\/v2\/media\/57550"}],"wp:attachment":[{"href":"https:\/\/encuentroinformativo.com.mx\/index.php?rest_route=%2Fwp%2Fv2%2Fmedia&parent=57549"}],"wp:term":[{"taxonomy":"category","embeddable":true,"href":"https:\/\/encuentroinformativo.com.mx\/index.php?rest_route=%2Fwp%2Fv2%2Fcategories&post=57549"},{"taxonomy":"post_tag","embeddable":true,"href":"https:\/\/encuentroinformativo.com.mx\/index.php?rest_route=%2Fwp%2Fv2%2Ftags&post=57549"}],"curies":[{"name":"wp","href":"https:\/\/api.w.org\/{rel}","templated":true}]}}