{"id":5756,"date":"2020-09-11T10:21:11","date_gmt":"2020-09-11T15:21:11","guid":{"rendered":"https:\/\/encuentroinformativo.com.mx\/?p=5756"},"modified":"2020-09-11T10:21:43","modified_gmt":"2020-09-11T15:21:43","slug":"fernandez-peredo-con-mas-pena","status":"publish","type":"post","link":"https:\/\/encuentroinformativo.com.mx\/?p=5756","title":{"rendered":"Fern\u00e1ndez Peredo\u2026 \u00bfcon m\u00e1s pena?"},"content":{"rendered":"\n<p><strong>Los Pol\u00edticos<\/strong><\/p>\n\n\n\n<p><strong>Salvador Mu\u00f1oz<\/strong><\/p>\n\n\n\n<p>Hace unas semanas, un grupo de j\u00f3venes fue atracado en la cascada La Granada, un paradisiaco paisaje a cinco kil\u00f3metros de la ciudad de Coatepec. Fueron despojados de su celular y algunas otras pertenencias. Acudieron antes las autoridades correspondientes y al presentar la denuncia, fueron revictimizados porque los rega\u00f1aron: \u201c\u00bfQu\u00e9 ten\u00edan que hacer all\u00ed?\u201d fue lo m\u00ednimo que les dijeron.<\/p>\n\n\n\n<p>La Granada la puede encontrar en cualquier p\u00e1gina de turismo que se respete dentro de los escenarios naturales de Coatepec, incluso, hasta en la <a href=\"https:\/\/coatepecpueblomagico.mx\/cascada-la-granada\" target=\"_blank\" rel=\"noreferrer noopener\">p\u00e1gina oficial del ayuntamiento<\/a> cafetalero aparece con los siguientes datos: \u201cReserva ecol\u00f3gica con m\u00e1s de 20 hect\u00e1reas de bosque de niebla, la cual cuenta con 1000 escalones para realizar senderismo, fotograf\u00edas, observaci\u00f3n de aves, esta reserva est\u00e1 dedicada a la preservaci\u00f3n de flora y fauna de la regi\u00f3n de Coatepec\u201d.<\/p>\n\n\n\n<p>Hay dos elementos relevantes en torno a La Granada y el suceso: si bien se puede argumentar que por la emergencia sanitaria es dif\u00edcil entender excursiones en este lugar; igual de complicado asimilar que no haya seguridad en un lugar donde hay quienes acuden a \u00e9l, no precisamente para visitarlo, sino para cometer atracos\u2026<\/p>\n\n\n\n<p>\u00a1Vamos! En estos tiempos, ni por el lado ciudadano ni por el de las autoridades, se debe aflojar ni descuidar\u2026 porque lamentablemente hay quienes est\u00e1n esperando un descuido del uno o del otro o de ambos, para perpetrar sus actos.<\/p>\n\n\n\n<p>Tengo entendido que los j\u00f3venes son nativos de Coatepec, y si bien se descuidaron, igual est\u00e1n en su derecho de reclamar mayor vigilancia en estos sitios que se presumen (en la p\u00e1gina oficial del Ayuntamiento) como tur\u00edsticos, sobre todo cuando hay dos rubros en los que el Ayuntamiento de este Pueblo M\u00e1gico le invierte que da gusto\u2026 o miedo: Limpia P\u00fablica y Seguridad P\u00fablica.<\/p>\n\n\n\n<p>Gusto, porque el coatepecano espera que sus impuestos s\u00ed est\u00e9n trabajando como se debe\u2026 miedo, porque no se vea ni perciba por las dimensiones que guarda este municipio, el uso correcto de los impuestos.<\/p>\n\n\n\n<p>\u00bfBasura? A menos de media hora, escasos 30 minutos, a unos 12 kil\u00f3metros de Coatepec, est\u00e1 Teocelo, un municipio que f\u00e1cilmente lleva 18 a\u00f1os que cre\u00f3 una planta de compostaje y lo m\u00e1s importante, sus ciudadanos entendieron la importancia de separar sus residuos. \u00a1Vamos! En Teocelo, se capta de tonelada y media a dos toneladas diarias de desechos org\u00e1nicos, aportados por m\u00e1s del 90 por ciento de las amas de casa de ese lugar, lo que hace que Teocelo, en el manejo de sus residuos, sea un modelo sustentable\u2026 pero Coatepec est\u00e1 tan cerca de Teocelo pero lejos de pensar en atender este asunto como se debe\u2026<\/p>\n\n\n\n<p>\u00bfSeguridad? Dejemos a un lado La Granada\u2026 vamos m\u00e1s cerca\u2026 el Cerro de las Culebras. Una pl\u00e1tica com\u00fan entre el visitante y el lugare\u00f1o es \u201c\u00bfC\u00f3mo puedo entrar al Cerro?\u201d con la consiguiente respuesta: \u201cNo se lo recomiendo\u2026 es peligroso\u2026 por los marihuanos\u201d.<\/p>\n\n\n\n<p>En altura, tanto el Cerro de las Culebras como el Del Borrego en Orizaba, ah\u00ed se van dando\u2026 ambos son \u00e1reas naturales protegidas pero la forma en que cada autoridad municipal las ve, le da un valor agregado no s\u00f3lo al espacio natural, sino al vecindario al pie de los gigantes.<\/p>\n\n\n\n<p>Las Culebras es un enorme pulm\u00f3n en Coatepec\u2026 pero considerado por los propios cafetaleros como zona de riesgo\u2026 el Del Borrego, adem\u00e1s de pulm\u00f3n, es un espacio de ejercicio, de paseo, de picnic, de historia, que lo mismo se sube caminando, senderismo, o en el telef\u00e9rico. Agregue que aporta recursos al Ayuntamiento. Uno de los \u00edconos de los atractivos tur\u00edsticos de las Aguas Alegres.<\/p>\n\n\n\n<p>Ah, por cierto, con respecto a La Granada, s\u00ed, en Orizaba no hay un atractivo similar al de esta cascada, pero se tiene el paseo de los 500 Escalones y un balneario para valientes como es Ojo de Agua (qu\u00e9 pinche agua tan helada!) que cuenta con una de las medidas indispensables que pide a gritos cualquier turista o lugare\u00f1o: Seguridad.<\/p>\n\n\n\n<p>S\u00ed, un hecho que puede pasar desapercibido o \u201cnormalizado\u201d como es el atraco a un grupo de j\u00f3venes en La Granada no s\u00f3lo habla de un descuido de unos ciudadanos por salir de excursi\u00f3n en contingencia sanitaria, sino tambi\u00e9n la falta de visi\u00f3n de autoridades municipales para hacer de sus atractivos naturales un plus para el turismo y una soluci\u00f3n, para el problema de la basura\u2026 Luis Enrique Fern\u00e1ndez Peredo est\u00e1 a un a\u00f1o y cacho de pasar como sus antecesores inmediatos, Roberto P\u00e9rez Moreno y Jos\u00e9 Manuel S\u00e1nchez Mart\u00ednez, con m\u00e1s pena que gloria y que por sus nulas acciones hace que uno se cuestione c\u00f3mo es posible que mantenga Coatepec, su estatus de Pueblo M\u00e1gico.<\/p>\n\n\n\n<p><a href=\"mailto:smcainito@gmail.com\" target=\"_blank\" rel=\"noreferrer noopener\">smcainito@gmail.com<\/a><\/p>\n","protected":false},"excerpt":{"rendered":"<p>Los Pol\u00edticos Salvador Mu\u00f1oz Hace unas semanas, un grupo de j\u00f3venes fue atracado en la cascada La Granada, un paradisiaco paisaje a cinco kil\u00f3metros de la ciudad de Coatepec. Fueron despojados de su celular y algunas otras pertenencias. Acudieron antes las autoridades correspondientes y al presentar la denuncia, fueron revictimizados porque los rega\u00f1aron: \u201c\u00bfQu\u00e9 ten\u00edan [&hellip;]<\/p>\n","protected":false},"author":1,"featured_media":387,"comment_status":"open","ping_status":"open","sticky":false,"template":"","format":"aside","meta":{"_jetpack_memberships_contains_paid_content":false,"footnotes":""},"categories":[11],"tags":[],"class_list":["post-5756","post","type-post","status-publish","format-aside","has-post-thumbnail","hentry","category-opinion","post_format-post-format-aside"],"jetpack_featured_media_url":"https:\/\/encuentroinformativo.com.mx\/wp-content\/uploads\/2020\/03\/7CF8A22B-2764-47BE-8F7F-38FE9E5D6A2F.jpeg","jetpack_sharing_enabled":true,"jetpack_likes_enabled":true,"amp_enabled":true,"_links":{"self":[{"href":"https:\/\/encuentroinformativo.com.mx\/index.php?rest_route=\/wp\/v2\/posts\/5756","targetHints":{"allow":["GET"]}}],"collection":[{"href":"https:\/\/encuentroinformativo.com.mx\/index.php?rest_route=\/wp\/v2\/posts"}],"about":[{"href":"https:\/\/encuentroinformativo.com.mx\/index.php?rest_route=\/wp\/v2\/types\/post"}],"author":[{"embeddable":true,"href":"https:\/\/encuentroinformativo.com.mx\/index.php?rest_route=\/wp\/v2\/users\/1"}],"replies":[{"embeddable":true,"href":"https:\/\/encuentroinformativo.com.mx\/index.php?rest_route=%2Fwp%2Fv2%2Fcomments&post=5756"}],"version-history":[{"count":1,"href":"https:\/\/encuentroinformativo.com.mx\/index.php?rest_route=\/wp\/v2\/posts\/5756\/revisions"}],"predecessor-version":[{"id":5757,"href":"https:\/\/encuentroinformativo.com.mx\/index.php?rest_route=\/wp\/v2\/posts\/5756\/revisions\/5757"}],"wp:featuredmedia":[{"embeddable":true,"href":"https:\/\/encuentroinformativo.com.mx\/index.php?rest_route=\/wp\/v2\/media\/387"}],"wp:attachment":[{"href":"https:\/\/encuentroinformativo.com.mx\/index.php?rest_route=%2Fwp%2Fv2%2Fmedia&parent=5756"}],"wp:term":[{"taxonomy":"category","embeddable":true,"href":"https:\/\/encuentroinformativo.com.mx\/index.php?rest_route=%2Fwp%2Fv2%2Fcategories&post=5756"},{"taxonomy":"post_tag","embeddable":true,"href":"https:\/\/encuentroinformativo.com.mx\/index.php?rest_route=%2Fwp%2Fv2%2Ftags&post=5756"}],"curies":[{"name":"wp","href":"https:\/\/api.w.org\/{rel}","templated":true}]}}