{"id":57563,"date":"2024-08-14T11:44:49","date_gmt":"2024-08-14T17:44:49","guid":{"rendered":"https:\/\/encuentroinformativo.com.mx\/?p=57563"},"modified":"2024-08-14T11:44:56","modified_gmt":"2024-08-14T17:44:56","slug":"posible-paro-de-labores-pone-en-riesgo-imparticion-de-justicia-jorge-yunis","status":"publish","type":"post","link":"https:\/\/encuentroinformativo.com.mx\/?p=57563","title":{"rendered":"Posible paro de labores pone en riesgo impartici\u00f3n de justicia: Jorge Yunis"},"content":{"rendered":"\n<p><strong>Dar\u00edo Pale <\/strong><\/p>\n\n\n\n<p>Xalapa, Ver.- Habr\u00e1 crisis en el Poder Judicial si se van a paro nacional, lo cual pone en riesgo la procuraci\u00f3n e impartici\u00f3n de justicia, por la reforma Judicial as\u00ed lo dio a conocer el exsubprocurador de Justicia, Jorge Yunis Manzanares.<\/p>\n\n\n\n<p>En entrevista se\u00f1al\u00f3 que, ante un posible paro de labores en el Poder Judicial de la Federaci\u00f3n, alert\u00f3 de una crisis en la procuraci\u00f3n e impartici\u00f3n de justicia por la reforma que pretende hacer MORENA en el Congreso federal.<\/p>\n\n\n\n<p>&#8220;Si hay un paro, qui\u00e9n va a resolver, se van a ir a la calle, \u00a0no habr\u00e1 quien resuelva y se tendr\u00e1 que dejar en libertad a los presuntos delincuentes. Se trata de algo \u00a0muy delicado, una decisi\u00f3n muy fuerte si se llegar\u00e1 a tomar. Habr\u00eda una crisis Judicial&#8221;, se\u00f1al\u00f3.<\/p>\n\n\n\n<p>La Asociaci\u00f3n Nacional de Magistrados de Circuito y Jueces de Distrito del Poder Judicial de la Federaci\u00f3n (Jufed) adelant\u00f3 que podr\u00eda convocar a un paro de labores en protesta por la eventual aprobaci\u00f3n de la reforma judicial en los t\u00e9rminos en que la presentaron Morena y sus aliados, en particular en lo que se refiere a la elecci\u00f3n de jueces, ministros y magistrados mediante voto popular, en ese sentido, el exfuncionario estatal alert\u00f3 del riesgo.<\/p>\n\n\n\n<p>Finalmente dio a conocer que, &#8220;puede \u00a0participar la delincuencia organizada y mandar gente a contender, \u00a0pueden pasar muchas cosas. Una carrera judicial no nada m\u00e1s es \u00a0llegar y ser juez, se viene desde abajo \u00a0preparando hasta llegar a tener el honor de juez, porque no cualquiera puede ser juez y hasta magistrado&#8221;.<\/p>\n","protected":false},"excerpt":{"rendered":"<p>Dar\u00edo Pale Xalapa, Ver.- Habr\u00e1 crisis en el Poder Judicial si se van a paro nacional, lo cual pone en riesgo la procuraci\u00f3n e impartici\u00f3n de justicia, por la reforma Judicial as\u00ed lo dio a conocer el exsubprocurador de Justicia, Jorge Yunis Manzanares. En entrevista se\u00f1al\u00f3 que, ante un posible paro de labores en el [&hellip;]<\/p>\n","protected":false},"author":2476,"featured_media":57564,"comment_status":"open","ping_status":"open","sticky":false,"template":"","format":"standard","meta":{"_jetpack_memberships_contains_paid_content":false,"footnotes":""},"categories":[2],"tags":[],"class_list":["post-57563","post","type-post","status-publish","format-standard","has-post-thumbnail","hentry","category-estado"],"jetpack_featured_media_url":"https:\/\/encuentroinformativo.com.mx\/wp-content\/uploads\/2024\/08\/IMG-20240814-WA00072.jpg","jetpack_sharing_enabled":true,"jetpack_likes_enabled":true,"amp_enabled":true,"_links":{"self":[{"href":"https:\/\/encuentroinformativo.com.mx\/index.php?rest_route=\/wp\/v2\/posts\/57563","targetHints":{"allow":["GET"]}}],"collection":[{"href":"https:\/\/encuentroinformativo.com.mx\/index.php?rest_route=\/wp\/v2\/posts"}],"about":[{"href":"https:\/\/encuentroinformativo.com.mx\/index.php?rest_route=\/wp\/v2\/types\/post"}],"author":[{"embeddable":true,"href":"https:\/\/encuentroinformativo.com.mx\/index.php?rest_route=\/wp\/v2\/users\/2476"}],"replies":[{"embeddable":true,"href":"https:\/\/encuentroinformativo.com.mx\/index.php?rest_route=%2Fwp%2Fv2%2Fcomments&post=57563"}],"version-history":[{"count":1,"href":"https:\/\/encuentroinformativo.com.mx\/index.php?rest_route=\/wp\/v2\/posts\/57563\/revisions"}],"predecessor-version":[{"id":57565,"href":"https:\/\/encuentroinformativo.com.mx\/index.php?rest_route=\/wp\/v2\/posts\/57563\/revisions\/57565"}],"wp:featuredmedia":[{"embeddable":true,"href":"https:\/\/encuentroinformativo.com.mx\/index.php?rest_route=\/wp\/v2\/media\/57564"}],"wp:attachment":[{"href":"https:\/\/encuentroinformativo.com.mx\/index.php?rest_route=%2Fwp%2Fv2%2Fmedia&parent=57563"}],"wp:term":[{"taxonomy":"category","embeddable":true,"href":"https:\/\/encuentroinformativo.com.mx\/index.php?rest_route=%2Fwp%2Fv2%2Fcategories&post=57563"},{"taxonomy":"post_tag","embeddable":true,"href":"https:\/\/encuentroinformativo.com.mx\/index.php?rest_route=%2Fwp%2Fv2%2Ftags&post=57563"}],"curies":[{"name":"wp","href":"https:\/\/api.w.org\/{rel}","templated":true}]}}