{"id":57566,"date":"2024-08-14T12:35:37","date_gmt":"2024-08-14T18:35:37","guid":{"rendered":"https:\/\/encuentroinformativo.com.mx\/?p=57566"},"modified":"2024-08-14T12:35:46","modified_gmt":"2024-08-14T18:35:46","slug":"veracruz-recibira-en-octubre-el-weekend-in-fashion-mexico-2024","status":"publish","type":"post","link":"https:\/\/encuentroinformativo.com.mx\/?p=57566","title":{"rendered":"Veracruz recibir\u00e1 en octubre el Weekend In Fashion M\u00e9xico 2024"},"content":{"rendered":"\n<p><strong>Alejandro \u00c1vila<\/strong><\/p>\n\n\n\n<p>Veracruz, Ver.- Ser\u00e1 en el mes de octubre cuando se realice en Veracruz la cuarta edici\u00f3n del Weekend In Fashion M\u00e9xico teniendo como sede una vez m\u00e1s el Hotel Galer\u00eda Plaza.<\/p>\n\n\n\n<p>Claudia Ortiz Hern\u00e1ndez, directora de Factory Fashion M\u00e9xico y coordinadora general del Weekend In Fashion M\u00e9xico 2024, ha confirmado que la espectacular gala de moda ser\u00e1 el jueves 3 de octubre y revel\u00f3 a Galo Bert\u00edn como el primer dise\u00f1ador confirmado.<\/p>\n\n\n\n<p>Modelos de Factory Fashion M\u00e9xico y reinas de belleza desfilar\u00e1n sobre la pasarela con las nuevas tendencias de la moda de reconocidos dise\u00f1adores nacionales con proyecci\u00f3n internacional que presentar\u00e1n sus recientes colecciones.<\/p>\n\n\n\n<p>Claudia Ortiz Hern\u00e1ndez, directora de Factory Fashion M\u00e9xico y coordinadora general del Weekend In Fashion M\u00e9xico 2024 afirma que el objetivo en continuar posicionando a Veracruz como un referente de la moda, con dise\u00f1adores del estado as\u00ed como de otras latitudes nacionales, pero con proyecci\u00f3n internacional.<\/p>\n\n\n\n<p>GALO BERTIN<\/p>\n\n\n\n<p>El primer dise\u00f1ador confirmado para el Weekend In Fashion M\u00e9xico 2024 es Galo Bert\u00edn quien presentar\u00e1 sus dos recientes colecciones: Sue\u00f1o y Sartoria, una propuesta original, elegante y creativa, para el hombre contempor\u00e1neo que es multifac\u00e9tico y busca sentirse c\u00f3modo.<\/p>\n\n\n\n<p>El dise\u00f1ador queretano considera que en su caso ha enriquecido sus colecciones, sumando nuevos estilos, alejado de formas acartonadas ofreciendo siluetas din\u00e1micas y atendiendo al ritmo de las necesidades de nuevas generaciones de compradores.<\/p>\n\n\n\n<p>Asiste y celebra la moda y creatividad de estos prestigiados dise\u00f1adores que impactar\u00e1n con su genio y creatividad el Weekend In Fashion M\u00e9xico que por cuarta ocasi\u00f3n se celebra el Veracruz y tendr\u00e1 lugar el jueves 3 de octubre en el Hotel Galer\u00eda Plaza a partir de las 20:00 horas.<\/p>\n","protected":false},"excerpt":{"rendered":"<p>Alejandro \u00c1vila Veracruz, Ver.- Ser\u00e1 en el mes de octubre cuando se realice en Veracruz la cuarta edici\u00f3n del Weekend In Fashion M\u00e9xico teniendo como sede una vez m\u00e1s el Hotel Galer\u00eda Plaza. Claudia Ortiz Hern\u00e1ndez, directora de Factory Fashion M\u00e9xico y coordinadora general del Weekend In Fashion M\u00e9xico 2024, ha confirmado que la espectacular [&hellip;]<\/p>\n","protected":false},"author":2476,"featured_media":57567,"comment_status":"open","ping_status":"open","sticky":false,"template":"","format":"standard","meta":{"_jetpack_memberships_contains_paid_content":false,"footnotes":""},"categories":[2],"tags":[],"class_list":["post-57566","post","type-post","status-publish","format-standard","has-post-thumbnail","hentry","category-estado"],"jetpack_featured_media_url":"https:\/\/encuentroinformativo.com.mx\/wp-content\/uploads\/2024\/08\/IMG-20240814-WA0024.jpg","jetpack_sharing_enabled":true,"jetpack_likes_enabled":true,"amp_enabled":true,"_links":{"self":[{"href":"https:\/\/encuentroinformativo.com.mx\/index.php?rest_route=\/wp\/v2\/posts\/57566","targetHints":{"allow":["GET"]}}],"collection":[{"href":"https:\/\/encuentroinformativo.com.mx\/index.php?rest_route=\/wp\/v2\/posts"}],"about":[{"href":"https:\/\/encuentroinformativo.com.mx\/index.php?rest_route=\/wp\/v2\/types\/post"}],"author":[{"embeddable":true,"href":"https:\/\/encuentroinformativo.com.mx\/index.php?rest_route=\/wp\/v2\/users\/2476"}],"replies":[{"embeddable":true,"href":"https:\/\/encuentroinformativo.com.mx\/index.php?rest_route=%2Fwp%2Fv2%2Fcomments&post=57566"}],"version-history":[{"count":1,"href":"https:\/\/encuentroinformativo.com.mx\/index.php?rest_route=\/wp\/v2\/posts\/57566\/revisions"}],"predecessor-version":[{"id":57568,"href":"https:\/\/encuentroinformativo.com.mx\/index.php?rest_route=\/wp\/v2\/posts\/57566\/revisions\/57568"}],"wp:featuredmedia":[{"embeddable":true,"href":"https:\/\/encuentroinformativo.com.mx\/index.php?rest_route=\/wp\/v2\/media\/57567"}],"wp:attachment":[{"href":"https:\/\/encuentroinformativo.com.mx\/index.php?rest_route=%2Fwp%2Fv2%2Fmedia&parent=57566"}],"wp:term":[{"taxonomy":"category","embeddable":true,"href":"https:\/\/encuentroinformativo.com.mx\/index.php?rest_route=%2Fwp%2Fv2%2Fcategories&post=57566"},{"taxonomy":"post_tag","embeddable":true,"href":"https:\/\/encuentroinformativo.com.mx\/index.php?rest_route=%2Fwp%2Fv2%2Ftags&post=57566"}],"curies":[{"name":"wp","href":"https:\/\/api.w.org\/{rel}","templated":true}]}}