{"id":57569,"date":"2024-08-14T12:41:37","date_gmt":"2024-08-14T18:41:37","guid":{"rendered":"https:\/\/encuentroinformativo.com.mx\/?p=57569"},"modified":"2024-08-14T12:41:42","modified_gmt":"2024-08-14T18:41:42","slug":"realizaran-nueva-edicion-de-festival-de-fotografia","status":"publish","type":"post","link":"https:\/\/encuentroinformativo.com.mx\/?p=57569","title":{"rendered":"Realizar\u00e1n nueva edici\u00f3n de Festival de Fotograf\u00eda"},"content":{"rendered":"\n<p><strong>Dar\u00edo Pale <\/strong><\/p>\n\n\n\n<p>Xalapa, Ver.- Fot\u00f3grafos invitan al Festival Internacional de Fotograf\u00eda Distancia Focal, el cual se realizar\u00e1 en Xalapa del 4 al 7 de septiembre donde se realizaran exposiciones, talleres y charlas entre fot\u00f3grafos.<\/p>\n\n\n\n<p>Las actividades de este evento organizado por profesionales de la fotograf\u00eda local que reunir\u00e1 a fot\u00f3grafos nacionales y una fot\u00f3grafa de Cuba, Lisandra \u00c1lvarez, quien ofrecer\u00e1 un taller, una charla y una exposici\u00f3n.\u00a0<\/p>\n\n\n\n<p>Alex Loq, uno de los organizadores de este evento detall\u00f3 que las sedes ser\u00e1n la Facultad de Artes Pl\u00e1sticas de la Universidad Veracruzana, la Galer\u00eda de Arte Contempor\u00e1neo y el Centro Recreativo Xalape\u00f1o.<\/p>\n\n\n\n<p>Otro de los organizadores, \u00d3scar Mart\u00ednez, destac\u00f3 la participaci\u00f3n de diez fot\u00f3grafos y la realizaci\u00f3n de una c\u00e1mara estenopeica de madera que se colocar\u00e1 en el parque Ju\u00e1rez.\u00a0<\/p>\n\n\n\n<p>Finalmente se\u00f1alaron que es un programa de lujo este festival se puede consultar en la p\u00e1gina de Facebook del Festival Internacional de Fotograf\u00eda Distancia Focal.<\/p>\n","protected":false},"excerpt":{"rendered":"<p>Dar\u00edo Pale Xalapa, Ver.- Fot\u00f3grafos invitan al Festival Internacional de Fotograf\u00eda Distancia Focal, el cual se realizar\u00e1 en Xalapa del 4 al 7 de septiembre donde se realizaran exposiciones, talleres y charlas entre fot\u00f3grafos. Las actividades de este evento organizado por profesionales de la fotograf\u00eda local que reunir\u00e1 a fot\u00f3grafos nacionales y una fot\u00f3grafa de [&hellip;]<\/p>\n","protected":false},"author":2476,"featured_media":57570,"comment_status":"open","ping_status":"open","sticky":false,"template":"","format":"standard","meta":{"_jetpack_memberships_contains_paid_content":false,"footnotes":""},"categories":[3],"tags":[],"class_list":["post-57569","post","type-post","status-publish","format-standard","has-post-thumbnail","hentry","category-xalapa"],"jetpack_featured_media_url":"https:\/\/encuentroinformativo.com.mx\/wp-content\/uploads\/2024\/08\/IMG-20240814-WA0023.jpg","jetpack_sharing_enabled":true,"jetpack_likes_enabled":true,"amp_enabled":true,"_links":{"self":[{"href":"https:\/\/encuentroinformativo.com.mx\/index.php?rest_route=\/wp\/v2\/posts\/57569","targetHints":{"allow":["GET"]}}],"collection":[{"href":"https:\/\/encuentroinformativo.com.mx\/index.php?rest_route=\/wp\/v2\/posts"}],"about":[{"href":"https:\/\/encuentroinformativo.com.mx\/index.php?rest_route=\/wp\/v2\/types\/post"}],"author":[{"embeddable":true,"href":"https:\/\/encuentroinformativo.com.mx\/index.php?rest_route=\/wp\/v2\/users\/2476"}],"replies":[{"embeddable":true,"href":"https:\/\/encuentroinformativo.com.mx\/index.php?rest_route=%2Fwp%2Fv2%2Fcomments&post=57569"}],"version-history":[{"count":1,"href":"https:\/\/encuentroinformativo.com.mx\/index.php?rest_route=\/wp\/v2\/posts\/57569\/revisions"}],"predecessor-version":[{"id":57571,"href":"https:\/\/encuentroinformativo.com.mx\/index.php?rest_route=\/wp\/v2\/posts\/57569\/revisions\/57571"}],"wp:featuredmedia":[{"embeddable":true,"href":"https:\/\/encuentroinformativo.com.mx\/index.php?rest_route=\/wp\/v2\/media\/57570"}],"wp:attachment":[{"href":"https:\/\/encuentroinformativo.com.mx\/index.php?rest_route=%2Fwp%2Fv2%2Fmedia&parent=57569"}],"wp:term":[{"taxonomy":"category","embeddable":true,"href":"https:\/\/encuentroinformativo.com.mx\/index.php?rest_route=%2Fwp%2Fv2%2Fcategories&post=57569"},{"taxonomy":"post_tag","embeddable":true,"href":"https:\/\/encuentroinformativo.com.mx\/index.php?rest_route=%2Fwp%2Fv2%2Ftags&post=57569"}],"curies":[{"name":"wp","href":"https:\/\/api.w.org\/{rel}","templated":true}]}}