{"id":57572,"date":"2024-08-14T12:45:19","date_gmt":"2024-08-14T18:45:19","guid":{"rendered":"https:\/\/encuentroinformativo.com.mx\/?p=57572"},"modified":"2024-08-14T12:45:29","modified_gmt":"2024-08-14T18:45:29","slug":"desarrolla-semar-ejercicio-de-operativo-de-rescate-en-altamar","status":"publish","type":"post","link":"https:\/\/encuentroinformativo.com.mx\/?p=57572","title":{"rendered":"Desarrolla SEMAR ejercicio de operativo de rescate en altamar"},"content":{"rendered":"\n<p><strong>Alejandro \u00c1vila<\/strong><\/p>\n\n\n\n<p>Veracruz, Ver.- La ma\u00f1ana de este mi\u00e9rcoles la Secretar\u00eda de Marina realiz\u00f3 un operativo de rescate en alta mar en las inmediaciones del puerto de Veracruz.<\/p>\n\n\n\n<p>Un helic\u00f3ptero MI 17, sobrevolo el \u00e1rea de rescate haciendo un patr\u00f3n de reconocimiento para localizar a la v\u00edctima.<\/p>\n\n\n\n<p>El personal de salvavidas hizo un dispositivo de seguridad para poder ir en ca\u00edda libre.<\/p>\n\n\n\n<p>Una vez rescatada la v\u00edctima, el nadador fue solicit\u00f3 que fuera lanzada la canastilla en la que se subi\u00f3 a la v\u00edctima al helic\u00f3ptero.<\/p>\n\n\n\n<p>&#8220;Destacando la comunicaci\u00f3n entre nadador y la aerorave, se har\u00e1 a trav\u00e9s de se\u00f1as al evaluar la situaci\u00f3n del sobreviviente el rascatista realizar\u00e1 una se\u00f1a con el pulgar arriba indicando que est\u00e1 listo para ser izado desde el helic\u00f3ptero, se baja la canastilla de rescate a trav\u00e9s de un torno para evitar un golpe que entorpezca el rescate de la v\u00edctima&#8221;.<\/p>\n\n\n\n<p>Para finalizar el nadador solicit\u00f3 ser izado.<\/p>\n\n\n\n<p>Cabe destacar que el personal salvavidas que se dedica a este tipo de rescates debe estar muy bien entrenado y contarla con la capacidad para aguantar todo el tiempo en el agua mientras realiza el rescate y \u00e9l mismo es puesto a salvo por sus compa\u00f1eros.<\/p>\n\n\n\n<figure class=\"wp-block-image size-large\"><img loading=\"lazy\" decoding=\"async\" width=\"580\" height=\"1024\" src=\"https:\/\/encuentroinformativo.com.mx\/wp-content\/uploads\/2024\/08\/IMG-20240814-WA0026-580x1024.jpg\" alt=\"\" class=\"wp-image-57573\" srcset=\"https:\/\/encuentroinformativo.com.mx\/wp-content\/uploads\/2024\/08\/IMG-20240814-WA0026-580x1024.jpg 580w, https:\/\/encuentroinformativo.com.mx\/wp-content\/uploads\/2024\/08\/IMG-20240814-WA0026-170x300.jpg 170w, https:\/\/encuentroinformativo.com.mx\/wp-content\/uploads\/2024\/08\/IMG-20240814-WA0026-768x1355.jpg 768w, https:\/\/encuentroinformativo.com.mx\/wp-content\/uploads\/2024\/08\/IMG-20240814-WA0026-870x1536.jpg 870w, https:\/\/encuentroinformativo.com.mx\/wp-content\/uploads\/2024\/08\/IMG-20240814-WA0026.jpg 906w\" sizes=\"auto, (max-width: 580px) 100vw, 580px\" \/><\/figure>\n","protected":false},"excerpt":{"rendered":"<p>Alejandro \u00c1vila Veracruz, Ver.- La ma\u00f1ana de este mi\u00e9rcoles la Secretar\u00eda de Marina realiz\u00f3 un operativo de rescate en alta mar en las inmediaciones del puerto de Veracruz. Un helic\u00f3ptero MI 17, sobrevolo el \u00e1rea de rescate haciendo un patr\u00f3n de reconocimiento para localizar a la v\u00edctima. El personal de salvavidas hizo un dispositivo de [&hellip;]<\/p>\n","protected":false},"author":2476,"featured_media":57573,"comment_status":"open","ping_status":"open","sticky":false,"template":"","format":"standard","meta":{"_jetpack_memberships_contains_paid_content":false,"footnotes":""},"categories":[2],"tags":[],"class_list":["post-57572","post","type-post","status-publish","format-standard","has-post-thumbnail","hentry","category-estado"],"jetpack_featured_media_url":"https:\/\/encuentroinformativo.com.mx\/wp-content\/uploads\/2024\/08\/IMG-20240814-WA0026.jpg","jetpack_sharing_enabled":true,"jetpack_likes_enabled":true,"amp_enabled":true,"_links":{"self":[{"href":"https:\/\/encuentroinformativo.com.mx\/index.php?rest_route=\/wp\/v2\/posts\/57572","targetHints":{"allow":["GET"]}}],"collection":[{"href":"https:\/\/encuentroinformativo.com.mx\/index.php?rest_route=\/wp\/v2\/posts"}],"about":[{"href":"https:\/\/encuentroinformativo.com.mx\/index.php?rest_route=\/wp\/v2\/types\/post"}],"author":[{"embeddable":true,"href":"https:\/\/encuentroinformativo.com.mx\/index.php?rest_route=\/wp\/v2\/users\/2476"}],"replies":[{"embeddable":true,"href":"https:\/\/encuentroinformativo.com.mx\/index.php?rest_route=%2Fwp%2Fv2%2Fcomments&post=57572"}],"version-history":[{"count":1,"href":"https:\/\/encuentroinformativo.com.mx\/index.php?rest_route=\/wp\/v2\/posts\/57572\/revisions"}],"predecessor-version":[{"id":57574,"href":"https:\/\/encuentroinformativo.com.mx\/index.php?rest_route=\/wp\/v2\/posts\/57572\/revisions\/57574"}],"wp:featuredmedia":[{"embeddable":true,"href":"https:\/\/encuentroinformativo.com.mx\/index.php?rest_route=\/wp\/v2\/media\/57573"}],"wp:attachment":[{"href":"https:\/\/encuentroinformativo.com.mx\/index.php?rest_route=%2Fwp%2Fv2%2Fmedia&parent=57572"}],"wp:term":[{"taxonomy":"category","embeddable":true,"href":"https:\/\/encuentroinformativo.com.mx\/index.php?rest_route=%2Fwp%2Fv2%2Fcategories&post=57572"},{"taxonomy":"post_tag","embeddable":true,"href":"https:\/\/encuentroinformativo.com.mx\/index.php?rest_route=%2Fwp%2Fv2%2Ftags&post=57572"}],"curies":[{"name":"wp","href":"https:\/\/api.w.org\/{rel}","templated":true}]}}