{"id":57584,"date":"2024-08-14T14:20:50","date_gmt":"2024-08-14T20:20:50","guid":{"rendered":"https:\/\/encuentroinformativo.com.mx\/?p=57584"},"modified":"2024-08-14T14:20:57","modified_gmt":"2024-08-14T20:20:57","slug":"mas-de-medio-millon-de-credenciales-seran-dadas-de-baja","status":"publish","type":"post","link":"https:\/\/encuentroinformativo.com.mx\/?p=57584","title":{"rendered":"M\u00e1s de medio mill\u00f3n de credenciales ser\u00e1n dadas de baja"},"content":{"rendered":"\n<p><strong>Dar\u00edo Pale<\/strong><\/p>\n\n\n\n<p>Xalapa, Ver.- M\u00e1s de medio mill\u00f3n de credenciales del Instituto Nacional Electoral (INE) ser\u00edan dados de baja del padr\u00f3n electoral de Veracruz sino se actualizan al 31 de diciembre de este a\u00f1o, as\u00ed lo inform\u00f3 el vocal del Registro Federal de Electores (RFE), Sergio Vera Olvera.<\/p>\n\n\n\n<p>En entrevista, explic\u00f3 que las credenciales para votar, con base en los convenios que el INE tiene, son de una vigencia de 10 a\u00f1os, sin embargo, en esos 10 a\u00f1os la gente cambia en su fisonom\u00eda, por lo que se debe actualizar la credencial.<\/p>\n\n\n\n<p>Coment\u00f3 que ello trae como consecuencia que haya credenciales que se deben renovar y record\u00f3 que el Consejo General del INE ampli\u00f3 la vigencia para las credenciales que ten\u00edan vigencia al 2023 para que pudieran votar en el pasado proceso electoral concurrente.<\/p>\n\n\n\n<p>Una vez pasada la jornada electoral, el 3 de junio fueron dadas de baja 111 mil credenciales de elector, por lo que ya se afect\u00f3 el padr\u00f3n electoral.<\/p>\n\n\n\n<p>&#8220;Pero tenemos el gran problema de que en el estado de Veracruz tenemos elecciones locales y estaremos dando de baja casi a medio mill\u00f3n de credenciales sino son actualizadas por sus titulares, pero eso el llamado a los ciudadanos para hacer conciencia de que nuestras credenciales tienen una vigencia de 10 a\u00f1os&#8221;, se\u00f1al\u00f3.<\/p>\n\n\n\n<p>Vera Olvera coment\u00f3 que se han hecho notificaciones hasta en 4 ocasiones, pero no ha habido una respuesta adecuada.<\/p>\n\n\n\n<p>Aclar\u00f3 que la vigencia del documento oficial no es del momento en el que acuden al m\u00f3dulo del \u00f3rgano electoral federal, por lo que todas aquellas que tienen m\u00e1s de 10 a\u00f1os causar\u00e1n baja el 31 de diciembre.<\/p>\n\n\n\n<p>Por lo que recomend\u00f3 revisar la vigencia que viene en la parte inferior de la credencial, asimismo, dijo que aunque no tengan los 10 a\u00f1os, pero sean credenciales deterioradas, vayan al m\u00f3dulo.<\/p>\n\n\n\n<p>El vocal del Registro destac\u00f3 que derivado de la baja de las m\u00e1s de 111 mil credenciales se afect\u00f3 la lista nominal y de tener m\u00e1s de 6 millones en el pasado proceso electoral del 2 de junio, ya est\u00e1 en 5 millones 900 mil.<\/p>\n\n\n\n<p>Finalmente Vera Olvera asegur\u00f3 que el instituto tiene la capacidad de actualizar a ese medio mill\u00f3n de credenciales que se dar\u00e1n de baja, pero el problema es que no hay el inter\u00e9s de los ciudadanos de hacerlo sino hasta que se dan cuenta de que su documento ya no es v\u00e1lido en las instituciones bancarias.<\/p>\n","protected":false},"excerpt":{"rendered":"<p>Dar\u00edo Pale Xalapa, Ver.- M\u00e1s de medio mill\u00f3n de credenciales del Instituto Nacional Electoral (INE) ser\u00edan dados de baja del padr\u00f3n electoral de Veracruz sino se actualizan al 31 de diciembre de este a\u00f1o, as\u00ed lo inform\u00f3 el vocal del Registro Federal de Electores (RFE), Sergio Vera Olvera. En entrevista, explic\u00f3 que las credenciales para [&hellip;]<\/p>\n","protected":false},"author":2476,"featured_media":57585,"comment_status":"open","ping_status":"open","sticky":false,"template":"","format":"standard","meta":{"_jetpack_memberships_contains_paid_content":false,"footnotes":""},"categories":[2],"tags":[],"class_list":["post-57584","post","type-post","status-publish","format-standard","has-post-thumbnail","hentry","category-estado"],"jetpack_featured_media_url":"https:\/\/encuentroinformativo.com.mx\/wp-content\/uploads\/2024\/08\/IMG-20240814-WA0047-scaled.jpg","jetpack_sharing_enabled":true,"jetpack_likes_enabled":true,"amp_enabled":true,"_links":{"self":[{"href":"https:\/\/encuentroinformativo.com.mx\/index.php?rest_route=\/wp\/v2\/posts\/57584","targetHints":{"allow":["GET"]}}],"collection":[{"href":"https:\/\/encuentroinformativo.com.mx\/index.php?rest_route=\/wp\/v2\/posts"}],"about":[{"href":"https:\/\/encuentroinformativo.com.mx\/index.php?rest_route=\/wp\/v2\/types\/post"}],"author":[{"embeddable":true,"href":"https:\/\/encuentroinformativo.com.mx\/index.php?rest_route=\/wp\/v2\/users\/2476"}],"replies":[{"embeddable":true,"href":"https:\/\/encuentroinformativo.com.mx\/index.php?rest_route=%2Fwp%2Fv2%2Fcomments&post=57584"}],"version-history":[{"count":1,"href":"https:\/\/encuentroinformativo.com.mx\/index.php?rest_route=\/wp\/v2\/posts\/57584\/revisions"}],"predecessor-version":[{"id":57586,"href":"https:\/\/encuentroinformativo.com.mx\/index.php?rest_route=\/wp\/v2\/posts\/57584\/revisions\/57586"}],"wp:featuredmedia":[{"embeddable":true,"href":"https:\/\/encuentroinformativo.com.mx\/index.php?rest_route=\/wp\/v2\/media\/57585"}],"wp:attachment":[{"href":"https:\/\/encuentroinformativo.com.mx\/index.php?rest_route=%2Fwp%2Fv2%2Fmedia&parent=57584"}],"wp:term":[{"taxonomy":"category","embeddable":true,"href":"https:\/\/encuentroinformativo.com.mx\/index.php?rest_route=%2Fwp%2Fv2%2Fcategories&post=57584"},{"taxonomy":"post_tag","embeddable":true,"href":"https:\/\/encuentroinformativo.com.mx\/index.php?rest_route=%2Fwp%2Fv2%2Ftags&post=57584"}],"curies":[{"name":"wp","href":"https:\/\/api.w.org\/{rel}","templated":true}]}}