{"id":57590,"date":"2024-08-14T15:14:26","date_gmt":"2024-08-14T21:14:26","guid":{"rendered":"https:\/\/encuentroinformativo.com.mx\/?p=57590"},"modified":"2024-08-14T15:14:32","modified_gmt":"2024-08-14T21:14:32","slug":"anuncia-alcalde-jm-unanue-la-pavimentacion-de-la-calle-mar-mediterraneo-en-el-fracc-costa-verde","status":"publish","type":"post","link":"https:\/\/encuentroinformativo.com.mx\/?p=57590","title":{"rendered":"Anuncia Alcalde JM Un\u00e1nue la pavimentaci\u00f3n de la calle Mar Mediterr\u00e1neo en el Fracc. Costa Verde"},"content":{"rendered":"\n<p><strong>* <em>Con este tipo de acciones se busca beneficiar directamente a todos los ciudadanos, mejorando as\u00ed su calidad de vida<\/em>.<\/strong><\/p>\n\n\n\n<p>Boca del R\u00edo, Ver.- Con la finalidad de atender todos los espacios de la ciudad, el alcalde de Boca del R\u00edo, Juan Manuel Un\u00e1nue Abascal, dio a conocer que otra de las calles que ser\u00e1 intervenida con pavimentaci\u00f3n en concreto asf\u00e1ltico es la calle Mar Mediterr\u00e1neo ubicada en el fraccionamiento Costa Verde.<\/p>\n\n\n\n<p>\u201cSupervisamos la calle Mar Mediterr\u00e1neo entre Calzada Costa Verde y Jes\u00fas Reyes Heroles del fraccionamiento Costa Verde, donde se van a realizar trabajos de pavimentaci\u00f3n en concreto asf\u00e1ltico, as\u00ed como pintura y se\u00f1al\u00e9tica nueva en esta importante zona de la ciudad\u201d, destac\u00f3 el Presidente Municipal.<\/p>\n\n\n\n<p>Cabe recordar que en d\u00edas anteriores tambi\u00e9n anunci\u00f3 que la calle Mar del Norte del mismo fraccionamiento ser\u00e1 rehabilitada en su totalidad.<\/p>\n\n\n\n<p>Es as\u00ed como la actual administraci\u00f3n contin\u00faa ejecutando el Plan de Obras 2024 para mejorar los servicios p\u00fablicos en la ciudad, y en este caso, beneficiando directamente a m\u00e1s de 3 mil personas, entre vecinos y ciudadanos que transitan por esta importante v\u00eda de comunicaci\u00f3n.<\/p>\n\n\n\n<p>Cabe destacar que la obra constar\u00e1 de la pavimentaci\u00f3n de 4 mil 887.50 metros cuadrados de concreto asf\u00e1ltico en la calle Mar Mediterr\u00e1neo entre calzada Costa Verde y Calle Jes\u00fas Reyes Heroles.<\/p>\n\n\n\n<p>Adem\u00e1s contar\u00e1 con m\u00e1s de mil metros lineales de pintura especial para se\u00f1alamiento en pavimento y guarniciones, y m\u00e1s de 100 metros cuadrados de pintura especial para el se\u00f1alamiento en pasos peatonales; tambi\u00e9n habr\u00e1 40 piezas de se\u00f1alamiento direccional.<\/p>\n\n\n\n<p><em><strong>CONSTRUCCI\u00d3N Y REHABILITACI\u00d3N DE DOMOS ESCOLARES<\/strong><\/em><\/p>\n\n\n\n<p>Por otra parte, Un\u00e1nue Abascal record\u00f3 que el Plan de Obras 2024 ejercer\u00e1 recursos para el beneficio de escuelas p\u00fablicas del municipio, tal es el caso para la rehabilitaci\u00f3n y construcci\u00f3n de domos.<\/p>\n\n\n\n<p>Los primeros tres que ya se encuentran en proceso es el del Centro de Bachillerato T\u00e9cnico Industrial y de Servicios 79 \u201cMar\u00eda Soto La Marina\u201d en la colonia Ejido Primero de Mayo, as\u00ed como el de la Escuela Primaria Quetzalc\u00f3atl en la Colonia Carranza ll Secci\u00f3n.<\/p>\n\n\n\n<p>Otras de las escuelas beneficiadas es la Escuela Primaria Cuauht\u00e9moc de la colonia Ricardo Flores Mag\u00f3n, donde se realizar\u00e1 la rehabilitaci\u00f3n de su domo.<\/p>\n\n\n\n<p>Finalmente, el alcalde Juan Manuel Un\u00e1nue Abascal, enfatiz\u00f3 que adem\u00e1s de mantener una ciudad en \u00f3ptimas condiciones, se busca beneficiar directamente a todos los ciudadanos con obras de car\u00e1cter social, generando la mejora sustancial de su calidad de vida.<\/p>\n\n\n\n<figure class=\"wp-block-image size-large\"><img loading=\"lazy\" decoding=\"async\" width=\"430\" height=\"1024\" src=\"https:\/\/encuentroinformativo.com.mx\/wp-content\/uploads\/2024\/08\/1000362799-430x1024.jpg\" alt=\"\" class=\"wp-image-57592\" srcset=\"https:\/\/encuentroinformativo.com.mx\/wp-content\/uploads\/2024\/08\/1000362799-430x1024.jpg 430w, https:\/\/encuentroinformativo.com.mx\/wp-content\/uploads\/2024\/08\/1000362799-126x300.jpg 126w, https:\/\/encuentroinformativo.com.mx\/wp-content\/uploads\/2024\/08\/1000362799.jpg 537w\" sizes=\"auto, (max-width: 430px) 100vw, 430px\" \/><\/figure>\n","protected":false},"excerpt":{"rendered":"<p>* Con este tipo de acciones se busca beneficiar directamente a todos los ciudadanos, mejorando as\u00ed su calidad de vida. Boca del R\u00edo, Ver.- Con la finalidad de atender todos los espacios de la ciudad, el alcalde de Boca del R\u00edo, Juan Manuel Un\u00e1nue Abascal, dio a conocer que otra de las calles que ser\u00e1 [&hellip;]<\/p>\n","protected":false},"author":2476,"featured_media":57591,"comment_status":"open","ping_status":"open","sticky":false,"template":"","format":"standard","meta":{"_jetpack_memberships_contains_paid_content":false,"footnotes":""},"categories":[2],"tags":[],"class_list":["post-57590","post","type-post","status-publish","format-standard","has-post-thumbnail","hentry","category-estado"],"jetpack_featured_media_url":"https:\/\/encuentroinformativo.com.mx\/wp-content\/uploads\/2024\/08\/IMG-20240814-WA0050.jpg","jetpack_sharing_enabled":true,"jetpack_likes_enabled":true,"amp_enabled":true,"_links":{"self":[{"href":"https:\/\/encuentroinformativo.com.mx\/index.php?rest_route=\/wp\/v2\/posts\/57590","targetHints":{"allow":["GET"]}}],"collection":[{"href":"https:\/\/encuentroinformativo.com.mx\/index.php?rest_route=\/wp\/v2\/posts"}],"about":[{"href":"https:\/\/encuentroinformativo.com.mx\/index.php?rest_route=\/wp\/v2\/types\/post"}],"author":[{"embeddable":true,"href":"https:\/\/encuentroinformativo.com.mx\/index.php?rest_route=\/wp\/v2\/users\/2476"}],"replies":[{"embeddable":true,"href":"https:\/\/encuentroinformativo.com.mx\/index.php?rest_route=%2Fwp%2Fv2%2Fcomments&post=57590"}],"version-history":[{"count":1,"href":"https:\/\/encuentroinformativo.com.mx\/index.php?rest_route=\/wp\/v2\/posts\/57590\/revisions"}],"predecessor-version":[{"id":57593,"href":"https:\/\/encuentroinformativo.com.mx\/index.php?rest_route=\/wp\/v2\/posts\/57590\/revisions\/57593"}],"wp:featuredmedia":[{"embeddable":true,"href":"https:\/\/encuentroinformativo.com.mx\/index.php?rest_route=\/wp\/v2\/media\/57591"}],"wp:attachment":[{"href":"https:\/\/encuentroinformativo.com.mx\/index.php?rest_route=%2Fwp%2Fv2%2Fmedia&parent=57590"}],"wp:term":[{"taxonomy":"category","embeddable":true,"href":"https:\/\/encuentroinformativo.com.mx\/index.php?rest_route=%2Fwp%2Fv2%2Fcategories&post=57590"},{"taxonomy":"post_tag","embeddable":true,"href":"https:\/\/encuentroinformativo.com.mx\/index.php?rest_route=%2Fwp%2Fv2%2Ftags&post=57590"}],"curies":[{"name":"wp","href":"https:\/\/api.w.org\/{rel}","templated":true}]}}