{"id":5761,"date":"2020-09-11T13:40:21","date_gmt":"2020-09-11T18:40:21","guid":{"rendered":"https:\/\/encuentroinformativo.com.mx\/?p=5761"},"modified":"2020-09-11T13:40:24","modified_gmt":"2020-09-11T18:40:24","slug":"suficientes-10-dias-para-volver-a-convivir-despues-de-padecer-covid","status":"publish","type":"post","link":"https:\/\/encuentroinformativo.com.mx\/?p=5761","title":{"rendered":"Suficientes, 10 d\u00edas para volver a convivir despu\u00e9s de padecer Covid"},"content":{"rendered":"\n<p>Ciudad de M\u00e9xico.- Aun cuando cada caso tiene sus particularidades, las personas que tuvieron la COVID-19 en situaci\u00f3n cr\u00edtica, y se aliviaron, deben esperar 10 d\u00edas despu\u00e9s del egreso hospitalario para volver a convivir con otros individuos, considerando que las condiciones de salud son\u00a0 buenas.<\/p>\n\n\n\n<p>As\u00ed lo dio a conocer Mauricio Rodr\u00edguez \u00c1lvarez, profesor de la Facultad de Medicina (FM) de la UNAM y vocero de la Comisi\u00f3n Universitaria para la Atenci\u00f3n de la Emergencia del Coronavirus, quien agreg\u00f3: \u201cSin embargo, en estas circunstancias no hay una regla general y se eval\u00faa caso por caso, pues depende de si el paciente sali\u00f3 con secuelas: respiratorias, de presi\u00f3n arterial o cardiacas, entre otras\u201d.<\/p>\n\n\n\n<p>Los cuidados deben seguir siendo estrictos, porque pueden adquirir otras afecciones como neumon\u00eda; y cuando ya son dados de alta, es poco probable que sigan contagiando el coronavirus, asever\u00f3.<\/p>\n\n\n\n<p>Respecto a la posibilidad de recontagio, Rodr\u00edguez \u00c1lvarez coment\u00f3 que a\u00fan no est\u00e1 definida. \u201cSe han dado reinfecciones, pero apenas est\u00e1n apareciendo en Europa con los segundos brotes, y no sabemos si ser\u00e1n m\u00e1s leves o m\u00e1s fuertes que el primero\u201d.<\/p>\n\n\n\n<p>Para quienes padecieron la enfermedad con menor intensidad, tambi\u00e9n es indispensable dejar transcurrir un periodo de diez d\u00edas a partir de que comenzaron con s\u00edntomas como dolor de cabeza, fiebre, ataque al estado general, tos, dolor de garganta y dificultad respiratoria.<\/p>\n\n\n\n<p>\u201cSi todo evolucion\u00f3 bien y ya no hay signos o s\u00edntomas, la enfermedad no se complic\u00f3 ni requiri\u00f3 hospitalizaci\u00f3n, en diez d\u00edas las probabilidades de que el paciente siga contagiando son muy bajas\u201d, puntualiz\u00f3.<\/p>\n\n\n\n<p>Por meses, abund\u00f3, los lineamientos t\u00e9cnicos determinaban que esper\u00e1ramos 14 d\u00edas para la convivencia normal. Hay que recordar que estudios recientes revelaron que con diez es suficiente, sobre todo pensando en quienes se tienen que reincorporar al trabajo. \u201cPor ejemplo, al personal de salud le est\u00e1n dando diez d\u00edas si evolucionan bien y se recuperan adecuadamente\u201d.<\/p>\n\n\n\n<p>El universitario reiter\u00f3 que una vez que se recupera un enfermo la convivencia puede darse en t\u00e9rminos regulares, conservando las medidas sanitarias. En los lugares de trabajo hay que respetar los lineamientos de entrada, salida y de seguridad personal, y no discriminar cuando alguien que curs\u00f3 por la COVID-19 se reincorpore a sus labores.<\/p>\n\n\n\n<p><strong>Limpieza de zonas comunes<\/strong><strong><\/strong><\/p>\n\n\n\n<p>El m\u00e9dico anot\u00f3 que si se vive con alguien que estuvo enfermo, hay que respetar en la medida de lo posible la sana distancia; si reside en otro domicilio, se debe procurar que la convivencia sea con cubrebocas e higiene de manos.<\/p>\n\n\n\n<p>Recomend\u00f3 entonces limpiar las superficies de uso com\u00fan, como jaladeras, manijas de puertas, cajones, ba\u00f1os, llaves, barandales, orillas de escritorios, mesas, controles remotos, computadoras y tel\u00e9fonos celulares.<\/p>\n\n\n\n<p>Rodr\u00edguez \u00c1lvarez se\u00f1al\u00f3 que conforme el paciente se alivia y pasan los s\u00edntomas, la posibilidad de contagio es menor, pero \u201cnunca ser\u00e1 de cero, pues probablemente haya salido del problema en casa, pero el contagio sigue en la comunidad, por eso es importante no relajar las medidas\u201d.<\/p>\n\n\n\n<p>Record\u00f3 que la poblaci\u00f3n que sale a la calle a trabajar tiene mayor riesgo, por lo que \u201cdebe tener m\u00e1s cuidados para s\u00ed misma y para quienes tiene en casa, pues podr\u00eda llevar el contagio aunque otros familiares permanezcan en la vivienda\u201d.<\/p>\n\n\n\n<p>Adem\u00e1s, se debe estar al pendiente para suspender la convivencia familiar si alguien se siente mal para no contagiar a los otros, consultar al m\u00e9dico y evitar automedicarse. El descanso es fundamental para el enfermo, as\u00ed como la atenci\u00f3n para que no le falte nada, no salir de casa y ser apoyado por su comunidad. Con estas precauciones puede mejorar en diez d\u00edas y evitar complicaciones y la hospitalizaci\u00f3n\u201d, remarc\u00f3.<\/p>\n\n\n\n<p><strong>Medidas preventivas<\/strong><strong><\/strong><\/p>\n\n\n\n<p>Regresar a nuestros empleos y actividades sociales o culturales requiere seguir todas las precauciones: \u201cNo salgan de casa si est\u00e1n enfermos o si tienen en el hogar a un enfermo grave. Si alguien falleci\u00f3 por COVID-19, las personas cercanas tienen mayor riesgo de contagio, as\u00ed que deben extremar sus cuidados\u201d, sugiri\u00f3.<\/p>\n\n\n\n<p>En lo posible, evitar lugares concurridos y convivencias masivas en habitaciones cerradas. Mantener las medidas nos ayudar\u00e1 a evitar otros padecimientos y a tener conciencia de que esta emergencia sanitaria no ha terminado, dijo.<\/p>\n\n\n\n<p>De igual manera, Rodr\u00edguez \u00c1lvarez invit\u00f3 a aplicarse la vacuna contra la influenza, cuya temporada abarca de octubre a principios de diciembre. \u201cHay que hacerlo en esos meses y dar prioridad a los grupos vulnerables\u201d.<\/p>\n\n\n\n<p>Tambi\u00e9n, la del neumococo y tosferina, especialmente para adultos mayores y ni\u00f1os.<\/p>\n","protected":false},"excerpt":{"rendered":"<p>Ciudad de M\u00e9xico.- Aun cuando cada caso tiene sus particularidades, las personas que tuvieron la COVID-19 en situaci\u00f3n cr\u00edtica, y se aliviaron, deben esperar 10 d\u00edas despu\u00e9s del egreso hospitalario para volver a convivir con otros individuos, considerando que las condiciones de salud son\u00a0 buenas. As\u00ed lo dio a conocer Mauricio Rodr\u00edguez \u00c1lvarez, profesor de [&hellip;]<\/p>\n","protected":false},"author":1,"featured_media":5762,"comment_status":"open","ping_status":"open","sticky":false,"template":"","format":"aside","meta":{"_jetpack_memberships_contains_paid_content":false,"footnotes":""},"categories":[9],"tags":[],"class_list":["post-5761","post","type-post","status-publish","format-aside","has-post-thumbnail","hentry","category-salud","post_format-post-format-aside"],"jetpack_featured_media_url":"https:\/\/encuentroinformativo.com.mx\/wp-content\/uploads\/2020\/09\/1D2F358B-CDB4-48D4-9FF7-4429F0F05F41.jpeg","jetpack_sharing_enabled":true,"jetpack_likes_enabled":true,"amp_enabled":true,"_links":{"self":[{"href":"https:\/\/encuentroinformativo.com.mx\/index.php?rest_route=\/wp\/v2\/posts\/5761","targetHints":{"allow":["GET"]}}],"collection":[{"href":"https:\/\/encuentroinformativo.com.mx\/index.php?rest_route=\/wp\/v2\/posts"}],"about":[{"href":"https:\/\/encuentroinformativo.com.mx\/index.php?rest_route=\/wp\/v2\/types\/post"}],"author":[{"embeddable":true,"href":"https:\/\/encuentroinformativo.com.mx\/index.php?rest_route=\/wp\/v2\/users\/1"}],"replies":[{"embeddable":true,"href":"https:\/\/encuentroinformativo.com.mx\/index.php?rest_route=%2Fwp%2Fv2%2Fcomments&post=5761"}],"version-history":[{"count":1,"href":"https:\/\/encuentroinformativo.com.mx\/index.php?rest_route=\/wp\/v2\/posts\/5761\/revisions"}],"predecessor-version":[{"id":5763,"href":"https:\/\/encuentroinformativo.com.mx\/index.php?rest_route=\/wp\/v2\/posts\/5761\/revisions\/5763"}],"wp:featuredmedia":[{"embeddable":true,"href":"https:\/\/encuentroinformativo.com.mx\/index.php?rest_route=\/wp\/v2\/media\/5762"}],"wp:attachment":[{"href":"https:\/\/encuentroinformativo.com.mx\/index.php?rest_route=%2Fwp%2Fv2%2Fmedia&parent=5761"}],"wp:term":[{"taxonomy":"category","embeddable":true,"href":"https:\/\/encuentroinformativo.com.mx\/index.php?rest_route=%2Fwp%2Fv2%2Fcategories&post=5761"},{"taxonomy":"post_tag","embeddable":true,"href":"https:\/\/encuentroinformativo.com.mx\/index.php?rest_route=%2Fwp%2Fv2%2Ftags&post=5761"}],"curies":[{"name":"wp","href":"https:\/\/api.w.org\/{rel}","templated":true}]}}