{"id":57614,"date":"2024-08-15T10:57:11","date_gmt":"2024-08-15T16:57:11","guid":{"rendered":"https:\/\/encuentroinformativo.com.mx\/?p=57614"},"modified":"2024-08-15T10:57:17","modified_gmt":"2024-08-15T16:57:17","slug":"ssp-realiza-acciones-de-profesionalizacion-y-capacitacion-para-combatir-la-violencia-de-genero-en-veracruz","status":"publish","type":"post","link":"https:\/\/encuentroinformativo.com.mx\/?p=57614","title":{"rendered":"SSP realiza acciones de profesionalizaci\u00f3n y capacitaci\u00f3n para combatir la violencia de g\u00e9nero en Veracruz"},"content":{"rendered":"\n<p><strong>* Destaca la certificaci\u00f3n en \u201cAtenci\u00f3n presencial de primer contacto a mujeres v\u00edctimas de violencia de g\u00e9nero\u201d.<\/strong><\/p>\n\n\n\n<p>Xalapa, Ver.- Dando cumplimiento a la Declaratoria de Alerta de Violencia de G\u00e9nero contra las Mujeres, por Violencia Feminicida, la Secretar\u00eda de Seguridad P\u00fablica (SSP), impuls\u00f3 estrategias para combatirla, mediante diversas acciones.<\/p>\n\n\n\n<p>Se certific\u00f3 al personal operativo, jur\u00eddico y m\u00e9dico en el est\u00e1ndar de competencia EC0539 \u201cAtenci\u00f3n presencial de primer contacto a mujeres v\u00edctimas de violencia de g\u00e9nero\u201d.<\/p>\n\n\n\n<p>Tambi\u00e9n fue certificado el personal que atiende las l\u00edneas telef\u00f3nicas de emergencia y la aplicaci\u00f3n m\u00f3vil \u201cVeracruz Mujer Alerta\u201d en el est\u00e1ndar de competencia EC0497 Orientaci\u00f3n telef\u00f3nica a mujeres y v\u00edctimas de la violencia basada en el g\u00e9nero.<\/p>\n\n\n\n<p>Con relaci\u00f3n a la capacitaci\u00f3n, se integraron a la red de personal replicador las personas certificadas en el est\u00e1ndar de competencia EC0308 \u201cCapacitaci\u00f3n Presencial a Servidoras y Servidores P\u00fablicos con enfoque en Derechos Humanos y Perspectiva de G\u00e9nero\u201d.<\/p>\n\n\n\n<p>Permanentemente se capacita al personal en los temas: Enfoque de G\u00e9nero en la Seguridad P\u00fablica, Derechos Humanos de las Mujeres, Tipos y Modalidades de Violencia, Protocolo de Actuaci\u00f3n Policial para la Atenci\u00f3n a Casos de Violencia por Razones de G\u00e9nero contra las Mujeres y Perspectiva del Delito de Feminicidio.<\/p>\n\n\n\n<p>En materia de actuaci\u00f3n policial se han especializado con la impartici\u00f3n del Seminario Desarrollo de competencias dirigido a altos mandos operativos de la Secretar\u00eda de Seguridad P\u00fablica del Estado de Veracruz, en materia de violencia contra las mujeres por raz\u00f3n de g\u00e9nero, con \u00e9nfasis en derechos humanos y perspectiva de g\u00e9nero.<\/p>\n","protected":false},"excerpt":{"rendered":"<p>* Destaca la certificaci\u00f3n en \u201cAtenci\u00f3n presencial de primer contacto a mujeres v\u00edctimas de violencia de g\u00e9nero\u201d. Xalapa, Ver.- Dando cumplimiento a la Declaratoria de Alerta de Violencia de G\u00e9nero contra las Mujeres, por Violencia Feminicida, la Secretar\u00eda de Seguridad P\u00fablica (SSP), impuls\u00f3 estrategias para combatirla, mediante diversas acciones. Se certific\u00f3 al personal operativo, jur\u00eddico [&hellip;]<\/p>\n","protected":false},"author":2476,"featured_media":57615,"comment_status":"open","ping_status":"open","sticky":false,"template":"","format":"standard","meta":{"_jetpack_memberships_contains_paid_content":false,"footnotes":""},"categories":[2],"tags":[],"class_list":["post-57614","post","type-post","status-publish","format-standard","has-post-thumbnail","hentry","category-estado"],"jetpack_featured_media_url":"https:\/\/encuentroinformativo.com.mx\/wp-content\/uploads\/2024\/08\/IMG-20240815-WA0024.jpg","jetpack_sharing_enabled":true,"jetpack_likes_enabled":true,"amp_enabled":true,"_links":{"self":[{"href":"https:\/\/encuentroinformativo.com.mx\/index.php?rest_route=\/wp\/v2\/posts\/57614","targetHints":{"allow":["GET"]}}],"collection":[{"href":"https:\/\/encuentroinformativo.com.mx\/index.php?rest_route=\/wp\/v2\/posts"}],"about":[{"href":"https:\/\/encuentroinformativo.com.mx\/index.php?rest_route=\/wp\/v2\/types\/post"}],"author":[{"embeddable":true,"href":"https:\/\/encuentroinformativo.com.mx\/index.php?rest_route=\/wp\/v2\/users\/2476"}],"replies":[{"embeddable":true,"href":"https:\/\/encuentroinformativo.com.mx\/index.php?rest_route=%2Fwp%2Fv2%2Fcomments&post=57614"}],"version-history":[{"count":1,"href":"https:\/\/encuentroinformativo.com.mx\/index.php?rest_route=\/wp\/v2\/posts\/57614\/revisions"}],"predecessor-version":[{"id":57616,"href":"https:\/\/encuentroinformativo.com.mx\/index.php?rest_route=\/wp\/v2\/posts\/57614\/revisions\/57616"}],"wp:featuredmedia":[{"embeddable":true,"href":"https:\/\/encuentroinformativo.com.mx\/index.php?rest_route=\/wp\/v2\/media\/57615"}],"wp:attachment":[{"href":"https:\/\/encuentroinformativo.com.mx\/index.php?rest_route=%2Fwp%2Fv2%2Fmedia&parent=57614"}],"wp:term":[{"taxonomy":"category","embeddable":true,"href":"https:\/\/encuentroinformativo.com.mx\/index.php?rest_route=%2Fwp%2Fv2%2Fcategories&post=57614"},{"taxonomy":"post_tag","embeddable":true,"href":"https:\/\/encuentroinformativo.com.mx\/index.php?rest_route=%2Fwp%2Fv2%2Ftags&post=57614"}],"curies":[{"name":"wp","href":"https:\/\/api.w.org\/{rel}","templated":true}]}}