{"id":57620,"date":"2024-08-15T11:30:45","date_gmt":"2024-08-15T17:30:45","guid":{"rendered":"https:\/\/encuentroinformativo.com.mx\/?p=57620"},"modified":"2024-08-15T11:30:51","modified_gmt":"2024-08-15T17:30:51","slug":"hechos-violentos-en-los-alrededores-no-afectan-a-la-universidad-veracruzana","status":"publish","type":"post","link":"https:\/\/encuentroinformativo.com.mx\/?p=57620","title":{"rendered":"Hechos violentos en los alrededores no afectan a la Universidad Veracruzana"},"content":{"rendered":"\n<p><strong>Alejandro \u00c1vila<\/strong><\/p>\n\n\n\n<p>Veracruz, Ver.- Los hechos violentos a los alrededores de los complejos educativos pertenecientes a la Universidad Veracruzana en la zona conurbada Veracruz &#8211; Boca del R\u00edo no afectan a la instituci\u00f3n educativa, asegur\u00f3 el vicerrector, Rub\u00e9n Edel \u00c1lvarez.<\/p>\n\n\n\n<p>Cabe mencionar que hace unos d\u00edas se suscit\u00f3 un intento de privaci\u00f3n de libertad en contra de una mujer en el estacionamiento de Plaza Mocambo, zona comercial adyacente al Campus Mocambo, donde se encuentran las facultades de Derecho, Comunicaci\u00f3n, Pedagog\u00eda, Odontolog\u00eda, Lenguas, entre otras.<\/p>\n\n\n\n<p>&#8220;Lo que sucede alrededor de la universidad, yo no s\u00e9, hay un af\u00e1n de que, yo no s\u00e9, sucede algo alrededor de la universidad y mencionan a la universidad, realmente la afectaci\u00f3n a la universidad, por ejemplo, de este \u00faltimo incidente no hemos tenido, m\u00e1s que, evidentemente del acceso o las v\u00edas, siempre hemos tenido respuesta inmediata de las autoridades (\u2026) es que hay comunicaci\u00f3n directa con ellos, en el hist\u00f3rico, ustedes lo saben, hemos tenido incidencias en Vistamar en la Facultad de Administraci\u00f3n, pero eso se atendi\u00f3 en su momento, hemos estado tomando medidas al interior de la propia universidad, si me preguntan de qu\u00e9 manera, con la atenci\u00f3n de dispositivos, estamos en la compra de dispositivos para reforzar las medidas de seguridad de acceso. Lo que nosotros podemos controlar est\u00e1 al interior de la universidad, nosotros como universidad no podemos controlar lo que est\u00e1 al exterior de la universidad&#8221;, sentenci\u00f3.<\/p>\n\n\n\n<p>Finalmente, el vicerrector, Rub\u00e9n Edel \u00c1lvarez, mencion\u00f3 que el pr\u00f3ximo lunes 19 de agosto se dar\u00e1 la bienvenida a la Universidad Veracruzana a m\u00e1s de 3 800 alumnos de la zona conurbada, aclarando que para este 2024 se increment\u00f3 la matr\u00edcula de ingresado.<\/p>\n","protected":false},"excerpt":{"rendered":"<p>Alejandro \u00c1vila Veracruz, Ver.- Los hechos violentos a los alrededores de los complejos educativos pertenecientes a la Universidad Veracruzana en la zona conurbada Veracruz &#8211; Boca del R\u00edo no afectan a la instituci\u00f3n educativa, asegur\u00f3 el vicerrector, Rub\u00e9n Edel \u00c1lvarez. Cabe mencionar que hace unos d\u00edas se suscit\u00f3 un intento de privaci\u00f3n de libertad en [&hellip;]<\/p>\n","protected":false},"author":2476,"featured_media":57621,"comment_status":"open","ping_status":"open","sticky":false,"template":"","format":"standard","meta":{"_jetpack_memberships_contains_paid_content":false,"footnotes":""},"categories":[2],"tags":[],"class_list":["post-57620","post","type-post","status-publish","format-standard","has-post-thumbnail","hentry","category-estado"],"jetpack_featured_media_url":"https:\/\/encuentroinformativo.com.mx\/wp-content\/uploads\/2024\/08\/IMG-20240815-WA00382.jpg","jetpack_sharing_enabled":true,"jetpack_likes_enabled":true,"amp_enabled":true,"_links":{"self":[{"href":"https:\/\/encuentroinformativo.com.mx\/index.php?rest_route=\/wp\/v2\/posts\/57620","targetHints":{"allow":["GET"]}}],"collection":[{"href":"https:\/\/encuentroinformativo.com.mx\/index.php?rest_route=\/wp\/v2\/posts"}],"about":[{"href":"https:\/\/encuentroinformativo.com.mx\/index.php?rest_route=\/wp\/v2\/types\/post"}],"author":[{"embeddable":true,"href":"https:\/\/encuentroinformativo.com.mx\/index.php?rest_route=\/wp\/v2\/users\/2476"}],"replies":[{"embeddable":true,"href":"https:\/\/encuentroinformativo.com.mx\/index.php?rest_route=%2Fwp%2Fv2%2Fcomments&post=57620"}],"version-history":[{"count":1,"href":"https:\/\/encuentroinformativo.com.mx\/index.php?rest_route=\/wp\/v2\/posts\/57620\/revisions"}],"predecessor-version":[{"id":57622,"href":"https:\/\/encuentroinformativo.com.mx\/index.php?rest_route=\/wp\/v2\/posts\/57620\/revisions\/57622"}],"wp:featuredmedia":[{"embeddable":true,"href":"https:\/\/encuentroinformativo.com.mx\/index.php?rest_route=\/wp\/v2\/media\/57621"}],"wp:attachment":[{"href":"https:\/\/encuentroinformativo.com.mx\/index.php?rest_route=%2Fwp%2Fv2%2Fmedia&parent=57620"}],"wp:term":[{"taxonomy":"category","embeddable":true,"href":"https:\/\/encuentroinformativo.com.mx\/index.php?rest_route=%2Fwp%2Fv2%2Fcategories&post=57620"},{"taxonomy":"post_tag","embeddable":true,"href":"https:\/\/encuentroinformativo.com.mx\/index.php?rest_route=%2Fwp%2Fv2%2Ftags&post=57620"}],"curies":[{"name":"wp","href":"https:\/\/api.w.org\/{rel}","templated":true}]}}