{"id":57626,"date":"2024-08-15T12:05:24","date_gmt":"2024-08-15T18:05:24","guid":{"rendered":"https:\/\/encuentroinformativo.com.mx\/?p=57626"},"modified":"2024-08-15T12:05:31","modified_gmt":"2024-08-15T18:05:31","slug":"reliquia-de-san-judas-tadeo-visitara-las-7-diocesis-de-veracruz","status":"publish","type":"post","link":"https:\/\/encuentroinformativo.com.mx\/?p=57626","title":{"rendered":"Reliquia de San Judas Tadeo visitar\u00e1 las 7 di\u00f3cesis de Veracruz"},"content":{"rendered":"\n<p><strong>Dar\u00edo Pale <\/strong><\/p>\n\n\n\n<p>Xalapa, Ver.- Rafael Velasco Hern\u00e1ndez, coordinador arquidiocesano de la visita de la Reliquia de San Judas Tadeo, dio a conocer que la Reliquia de San Judas Tadeo recorrer\u00e1 las 7 Di\u00f3cesis del Estado, as\u00ed como la Arquidi\u00f3cesis de Xalapa, pero en esta \u00faltima estar\u00e1 durante tres d\u00edas, por lo que se espera que est\u00e9 alrededor de un mes en la entidad veracruzana, ya que se estima que por cada di\u00f3cesis est\u00e9 durante tres d\u00edas.<\/p>\n\n\n\n<p>En conferencia de prensa, puntualiz\u00f3 que en la capital del Estado la Reliquia estar\u00e1 durante tres d\u00edas, dos en la Catedral Metropolitana y uno en la parroquia de San Judas Tadeo.<\/p>\n\n\n\n<p>La parroquia de San Judas Tadeo, se ubica en la colonia Campo de Tiro, a las orillas de la Ciudad, por lo que ah\u00ed podr\u00e1 llegar gente de los alrededores.<\/p>\n\n\n\n<p>El representante cat\u00f3licos indic\u00f3 que en la Catedral Metropolitana podr\u00eda ser que las puertas permanezcan abiertas durante las 24 horas durante esos dos d\u00edas.<\/p>\n\n\n\n<p>&#8220;Nos concedieron de la Nunciatura que la Reliquia estuviera 7 d\u00edas en nuestra arquidi\u00f3cesis del lunes 2 al domingo 8 de septiembre&#8221;, destac\u00f3.<\/p>\n\n\n\n<p>Previamente estar\u00e1 en Altotonga, Perote, Alto Lucero y Cosautl\u00e1n de Carvajal y luego Xalapa.<br>Se espera que la Reliquia llegue alrededor de las 10 de la ma\u00f1ana, por lo que se montar\u00e1 un operativo con las autoridades del ayuntamiento de Xalapa y del Estado, Tr\u00e1nsito del Estado, Seguridad P\u00fablica y Protecci\u00f3n Civil.<\/p>\n\n\n\n<p>Aunque no se tiene una estimaci\u00f3n de cu\u00e1ntas personas podr\u00eda conglomerarse para poder ver la reliquia de uno de los ap\u00f3stoles de nuestro se\u00f1or Jesucristo, la Arquidi\u00f3cesis de Xalapa estima que ser\u00e1n miles de personas las que estar\u00e1n presentes.<\/p>\n\n\n\n<p>La Reliquia venida desde El Vaticano se traslada en una especie de Papa m\u00f3vil con vidrios para que la gente la pueda ver.<\/p>\n\n\n\n<p>&#8220;San Judas Tadeo es uno de los ap\u00f3stoles, uno de los santos al que se le ha dicho el santo de las causas dif\u00edciles y desesperadas&#8221;, se\u00f1al\u00f3.<\/p>\n\n\n\n<p>&#8220;Ciertamente en Veracruz, en Xalapa, vivimos muchas situaciones dif\u00edciles, a veces tambi\u00e9n desesperadas&#8221;, asever\u00f3 el p\u00e1rroco de la iglesia de San Judas Tadeo en esta capital.<\/p>\n\n\n\n<p>La gente que acude a esa iglesia pide por empleo, por la salud, por seguridad, la gente tambi\u00e9n va a hacer juramentos para dejar las drogas, el alcohol, entre muchos otros.<\/p>\n\n\n\n<p>Debido a que la reliquia sale el domingo 8 de septiembre de Xalapa, se solicit\u00f3 apoyo para el resguardo con direcci\u00f3n a Orizaba, que es el siguiente destino de la Reliquia.<\/p>\n\n\n\n<p>El sacerdote pidi\u00f3 a los fieles cat\u00f3licos que cuando se acerquen a las parroquias e iglesias donde estar\u00e1 la Reliquia, lo hagan con mucho orden, aunque recalc\u00f3 que cada espacio deber\u00e1 contar con su propia log\u00edstica por las aglomeraciones y evitar incidentes.<\/p>\n\n\n\n<p>Por \u00faltimo coment\u00f3 que despu\u00e9s de visitar nuestro estado, seguramente se ir\u00e1 hacia el sur del pa\u00eds, para que posteriormente se vaya hacia las entidades del Pac\u00edfico.<\/p>\n","protected":false},"excerpt":{"rendered":"<p>Dar\u00edo Pale Xalapa, Ver.- Rafael Velasco Hern\u00e1ndez, coordinador arquidiocesano de la visita de la Reliquia de San Judas Tadeo, dio a conocer que la Reliquia de San Judas Tadeo recorrer\u00e1 las 7 Di\u00f3cesis del Estado, as\u00ed como la Arquidi\u00f3cesis de Xalapa, pero en esta \u00faltima estar\u00e1 durante tres d\u00edas, por lo que se espera que [&hellip;]<\/p>\n","protected":false},"author":2476,"featured_media":57627,"comment_status":"open","ping_status":"open","sticky":false,"template":"","format":"standard","meta":{"_jetpack_memberships_contains_paid_content":false,"footnotes":""},"categories":[2],"tags":[],"class_list":["post-57626","post","type-post","status-publish","format-standard","has-post-thumbnail","hentry","category-estado"],"jetpack_featured_media_url":"https:\/\/encuentroinformativo.com.mx\/wp-content\/uploads\/2024\/08\/IMG-20240815-WA0043.jpg","jetpack_sharing_enabled":true,"jetpack_likes_enabled":true,"amp_enabled":true,"_links":{"self":[{"href":"https:\/\/encuentroinformativo.com.mx\/index.php?rest_route=\/wp\/v2\/posts\/57626","targetHints":{"allow":["GET"]}}],"collection":[{"href":"https:\/\/encuentroinformativo.com.mx\/index.php?rest_route=\/wp\/v2\/posts"}],"about":[{"href":"https:\/\/encuentroinformativo.com.mx\/index.php?rest_route=\/wp\/v2\/types\/post"}],"author":[{"embeddable":true,"href":"https:\/\/encuentroinformativo.com.mx\/index.php?rest_route=\/wp\/v2\/users\/2476"}],"replies":[{"embeddable":true,"href":"https:\/\/encuentroinformativo.com.mx\/index.php?rest_route=%2Fwp%2Fv2%2Fcomments&post=57626"}],"version-history":[{"count":1,"href":"https:\/\/encuentroinformativo.com.mx\/index.php?rest_route=\/wp\/v2\/posts\/57626\/revisions"}],"predecessor-version":[{"id":57628,"href":"https:\/\/encuentroinformativo.com.mx\/index.php?rest_route=\/wp\/v2\/posts\/57626\/revisions\/57628"}],"wp:featuredmedia":[{"embeddable":true,"href":"https:\/\/encuentroinformativo.com.mx\/index.php?rest_route=\/wp\/v2\/media\/57627"}],"wp:attachment":[{"href":"https:\/\/encuentroinformativo.com.mx\/index.php?rest_route=%2Fwp%2Fv2%2Fmedia&parent=57626"}],"wp:term":[{"taxonomy":"category","embeddable":true,"href":"https:\/\/encuentroinformativo.com.mx\/index.php?rest_route=%2Fwp%2Fv2%2Fcategories&post=57626"},{"taxonomy":"post_tag","embeddable":true,"href":"https:\/\/encuentroinformativo.com.mx\/index.php?rest_route=%2Fwp%2Fv2%2Ftags&post=57626"}],"curies":[{"name":"wp","href":"https:\/\/api.w.org\/{rel}","templated":true}]}}