{"id":57632,"date":"2024-08-15T12:54:56","date_gmt":"2024-08-15T18:54:56","guid":{"rendered":"https:\/\/encuentroinformativo.com.mx\/?p=57632"},"modified":"2024-08-15T12:55:02","modified_gmt":"2024-08-15T18:55:02","slug":"despide-monte-de-piedad-a-peritos-valuadores","status":"publish","type":"post","link":"https:\/\/encuentroinformativo.com.mx\/?p=57632","title":{"rendered":"Despide Monte de Piedad a peritos valuadores"},"content":{"rendered":"\n<p><strong>Dar\u00edo Pale <\/strong><\/p>\n\n\n\n<p>Xalapa, Ver.- Despide Monte de Piedad a peritos valuadores, injustificadamente, por lo que protestan en Xalapa por despidos que se hicieron en todo el pa\u00eds, as\u00ed lo dio a conocer Conrado Hern\u00e1ndez Linares, perito valuador certificado.<\/p>\n\n\n\n<p>Peritos valuadores del Nacional Monte de Piedad, se manifestaron afuera de las oficinas por los despidos injustificados y abusos que est\u00e1 cometiendo la administraci\u00f3n general en todo el pa\u00eds.<\/p>\n\n\n\n<p>En entrevista, explic\u00f3 que a nivel nacional son 390 peritos valuadores, que fueron despedidos el pasado 13 de julio de este a\u00f1o.<\/p>\n\n\n\n<p>&#8220;Nos llevaron a unas instalaciones fuera de la instituci\u00f3n, nos lleg\u00f3 un correo electr\u00f3nico que dec\u00eda asunto laboral y al momento de entrar ah\u00ed nos enteramos que era un despido&#8221;, se\u00f1al\u00f3.<\/p>\n\n\n\n<p>&#8220;Nos est\u00e1n pidiendo ceder nuestros derechos voluntariamente, lo cual es injusto y a la vez arbitrariamente. Nos sometieron, nos secuestraron literalmente. No sabemos por qu\u00e9 toman est\u00e1s decisiones&#8221;, agreg\u00f3.<\/p>\n\n\n\n<p>El trabajador precis\u00f3 que a todos los peritos los encerraron en salas de distintos hoteles en Veracruz, Monterrey, Guadalajara y Ciudad de M\u00e9xico para hacerlos firmar.<\/p>\n\n\n\n<p>Afirm\u00f3 que adem\u00e1s hay discriminaci\u00f3n por parte de la administraci\u00f3n general del Monte de Piedad, por lo que hoy decidieron manifestarse.<\/p>\n\n\n\n<p>Coment\u00f3 que tienen la supuesta intenci\u00f3n de transformar al Monte de Piedad, pero desconocen de qu\u00e9 manera y por ello despidieron a los 390 peritos valuadores.<\/p>\n\n\n\n<p>Record\u00f3 que anteriormente quisieron hacer lo mismo con los trabajadores sindicalizados, por eso es que se fueron a paro de labores.<\/p>\n\n\n\n<p>El Monte de Piedad les propuso firmar un documento en el que ced\u00edan sus derechos para que no se pudieran presentar a laborar, pero ellos lamentan la forma en que la instituci\u00f3n lo llev\u00f3 a cabo.<\/p>\n\n\n\n<p>Finalmente Hern\u00e1ndez Linares quien detall\u00f3 que en Xalapa despidieron a todos los peritos de las cuatro sucursales, &#8220;no nos dieron un motivo, nada m\u00e1s nos dijeron tienes que firmar y es lo que te toca. La verdad as\u00ed no son las cosas&#8221;.<\/p>\n","protected":false},"excerpt":{"rendered":"<p>Dar\u00edo Pale Xalapa, Ver.- Despide Monte de Piedad a peritos valuadores, injustificadamente, por lo que protestan en Xalapa por despidos que se hicieron en todo el pa\u00eds, as\u00ed lo dio a conocer Conrado Hern\u00e1ndez Linares, perito valuador certificado. Peritos valuadores del Nacional Monte de Piedad, se manifestaron afuera de las oficinas por los despidos injustificados [&hellip;]<\/p>\n","protected":false},"author":2476,"featured_media":57633,"comment_status":"open","ping_status":"open","sticky":false,"template":"","format":"standard","meta":{"_jetpack_memberships_contains_paid_content":false,"footnotes":""},"categories":[3],"tags":[],"class_list":["post-57632","post","type-post","status-publish","format-standard","has-post-thumbnail","hentry","category-xalapa"],"jetpack_featured_media_url":"https:\/\/encuentroinformativo.com.mx\/wp-content\/uploads\/2024\/08\/IMG-20240815-WA0069.jpg","jetpack_sharing_enabled":true,"jetpack_likes_enabled":true,"amp_enabled":true,"_links":{"self":[{"href":"https:\/\/encuentroinformativo.com.mx\/index.php?rest_route=\/wp\/v2\/posts\/57632","targetHints":{"allow":["GET"]}}],"collection":[{"href":"https:\/\/encuentroinformativo.com.mx\/index.php?rest_route=\/wp\/v2\/posts"}],"about":[{"href":"https:\/\/encuentroinformativo.com.mx\/index.php?rest_route=\/wp\/v2\/types\/post"}],"author":[{"embeddable":true,"href":"https:\/\/encuentroinformativo.com.mx\/index.php?rest_route=\/wp\/v2\/users\/2476"}],"replies":[{"embeddable":true,"href":"https:\/\/encuentroinformativo.com.mx\/index.php?rest_route=%2Fwp%2Fv2%2Fcomments&post=57632"}],"version-history":[{"count":1,"href":"https:\/\/encuentroinformativo.com.mx\/index.php?rest_route=\/wp\/v2\/posts\/57632\/revisions"}],"predecessor-version":[{"id":57634,"href":"https:\/\/encuentroinformativo.com.mx\/index.php?rest_route=\/wp\/v2\/posts\/57632\/revisions\/57634"}],"wp:featuredmedia":[{"embeddable":true,"href":"https:\/\/encuentroinformativo.com.mx\/index.php?rest_route=\/wp\/v2\/media\/57633"}],"wp:attachment":[{"href":"https:\/\/encuentroinformativo.com.mx\/index.php?rest_route=%2Fwp%2Fv2%2Fmedia&parent=57632"}],"wp:term":[{"taxonomy":"category","embeddable":true,"href":"https:\/\/encuentroinformativo.com.mx\/index.php?rest_route=%2Fwp%2Fv2%2Fcategories&post=57632"},{"taxonomy":"post_tag","embeddable":true,"href":"https:\/\/encuentroinformativo.com.mx\/index.php?rest_route=%2Fwp%2Fv2%2Ftags&post=57632"}],"curies":[{"name":"wp","href":"https:\/\/api.w.org\/{rel}","templated":true}]}}