{"id":57635,"date":"2024-08-15T13:14:32","date_gmt":"2024-08-15T19:14:32","guid":{"rendered":"https:\/\/encuentroinformativo.com.mx\/?p=57635"},"modified":"2024-08-15T13:14:38","modified_gmt":"2024-08-15T19:14:38","slug":"utiles-a-bajo-costo-y-entrega-de-listas-escolares-completas-en-medellin-de-bravo","status":"publish","type":"post","link":"https:\/\/encuentroinformativo.com.mx\/?p=57635","title":{"rendered":"\u00datiles a bajo costo y entrega de listas escolares completas en Medell\u00edn de Bravo"},"content":{"rendered":"\n<p><strong>Alejandro \u00c1vila<\/strong><\/p>\n\n\n\n<p>Medell\u00edn de Bravo, Ver.- A partir de esta semana se realizar\u00e1n diversas Ferias Escolares en varias localidades del municipio de Medell\u00edn de Bravo, donde el empresario, Guillermo Herrada Jim\u00e9nez, llevar\u00e1 material a bajo costo para el beneficio de los padres de familias.<\/p>\n\n\n\n<p>A partir de este 14 de agosto y a trav\u00e9s del programa &#8220;MEMOtiva la Escuela&#8221;, por tercer a\u00f1o consecutivo, en diversos puntos de las localidades de El Tejar, La Laguna y Casablanca, as\u00ed como los fraccionamientos Puente Moreno, Arboledas San Ram\u00f3n y Arboleda San Miguel, se ofertar\u00e1n \u00fatiles escolares a bajo costo.<\/p>\n\n\n\n<p>&#8220;Tom\u00e9 la iniciativa de que este a\u00f1o m\u00e1s ten\u00edamos que apoyar a las familias medelliinenses, con beneficios que realmente ayuden el bolsillo de nuestros medellinenses. Lo seguir\u00e9 haciendo porque en realidad amo municipio, porque s\u00e9 que la gente necesita apoyos y no solamente cuando son temporadas electorales, necesitan todos los d\u00edas de su vida para salir adelante y sobre todo para sacar adelante a nuestras familias&#8221;, expres\u00f3.<\/p>\n\n\n\n<p>Finalmente, el empresario, Guillermo Herrada Jim\u00e9nez mencion\u00f3 que la pr\u00f3xima semana har\u00e1 entrega de m\u00e1s de 180 listas de \u00fatiles escolares completas totalmente gratuitas, a alumnos que ingresar\u00e1n a un nuevo ciclo escolar y de los cuales fue padrino en el curso pasado.<\/p>\n","protected":false},"excerpt":{"rendered":"<p>Alejandro \u00c1vila Medell\u00edn de Bravo, Ver.- A partir de esta semana se realizar\u00e1n diversas Ferias Escolares en varias localidades del municipio de Medell\u00edn de Bravo, donde el empresario, Guillermo Herrada Jim\u00e9nez, llevar\u00e1 material a bajo costo para el beneficio de los padres de familias. A partir de este 14 de agosto y a trav\u00e9s del [&hellip;]<\/p>\n","protected":false},"author":2476,"featured_media":57636,"comment_status":"open","ping_status":"open","sticky":false,"template":"","format":"standard","meta":{"_jetpack_memberships_contains_paid_content":false,"footnotes":""},"categories":[2],"tags":[],"class_list":["post-57635","post","type-post","status-publish","format-standard","has-post-thumbnail","hentry","category-estado"],"jetpack_featured_media_url":"https:\/\/encuentroinformativo.com.mx\/wp-content\/uploads\/2024\/08\/IMG-20240815-WA0048.jpg","jetpack_sharing_enabled":true,"jetpack_likes_enabled":true,"amp_enabled":true,"_links":{"self":[{"href":"https:\/\/encuentroinformativo.com.mx\/index.php?rest_route=\/wp\/v2\/posts\/57635","targetHints":{"allow":["GET"]}}],"collection":[{"href":"https:\/\/encuentroinformativo.com.mx\/index.php?rest_route=\/wp\/v2\/posts"}],"about":[{"href":"https:\/\/encuentroinformativo.com.mx\/index.php?rest_route=\/wp\/v2\/types\/post"}],"author":[{"embeddable":true,"href":"https:\/\/encuentroinformativo.com.mx\/index.php?rest_route=\/wp\/v2\/users\/2476"}],"replies":[{"embeddable":true,"href":"https:\/\/encuentroinformativo.com.mx\/index.php?rest_route=%2Fwp%2Fv2%2Fcomments&post=57635"}],"version-history":[{"count":1,"href":"https:\/\/encuentroinformativo.com.mx\/index.php?rest_route=\/wp\/v2\/posts\/57635\/revisions"}],"predecessor-version":[{"id":57637,"href":"https:\/\/encuentroinformativo.com.mx\/index.php?rest_route=\/wp\/v2\/posts\/57635\/revisions\/57637"}],"wp:featuredmedia":[{"embeddable":true,"href":"https:\/\/encuentroinformativo.com.mx\/index.php?rest_route=\/wp\/v2\/media\/57636"}],"wp:attachment":[{"href":"https:\/\/encuentroinformativo.com.mx\/index.php?rest_route=%2Fwp%2Fv2%2Fmedia&parent=57635"}],"wp:term":[{"taxonomy":"category","embeddable":true,"href":"https:\/\/encuentroinformativo.com.mx\/index.php?rest_route=%2Fwp%2Fv2%2Fcategories&post=57635"},{"taxonomy":"post_tag","embeddable":true,"href":"https:\/\/encuentroinformativo.com.mx\/index.php?rest_route=%2Fwp%2Fv2%2Ftags&post=57635"}],"curies":[{"name":"wp","href":"https:\/\/api.w.org\/{rel}","templated":true}]}}