{"id":5764,"date":"2020-09-11T13:56:17","date_gmt":"2020-09-11T18:56:17","guid":{"rendered":"https:\/\/encuentroinformativo.com.mx\/?p=5764"},"modified":"2020-09-11T13:56:19","modified_gmt":"2020-09-11T18:56:19","slug":"existen-adeudos-pendientes-rectora","status":"publish","type":"post","link":"https:\/\/encuentroinformativo.com.mx\/?p=5764","title":{"rendered":"Existen adeudos pendientes: Rectora"},"content":{"rendered":"\n<p><strong>Juan Arcos <\/strong><\/p>\n\n\n\n<p>Xalapa, Ver.- En su tercer informe de actividades, la rectora de la Universidad Veracruzana (UV), Sara Ladr\u00f3n de Guevara Gonz\u00e1lez, pidi\u00f3 al gobernador Cuitl\u00e1huac Garc\u00eda Jim\u00e9nez, que sea liquidado el adeudo que se mantiene por concepto de impuestos, desde el a\u00f1o 2014.<\/p>\n\n\n\n<p>En su mensaje, trasmitido de manera virtual por la pandemia del SARS-COV-2 (COVID-19), tambi\u00e9n reconoci\u00f3 la intenci\u00f3n por parte de la Secretar\u00eda de Finanzas y Planeaci\u00f3n (Sefiplan) para reducir los adeudos ante el Servicio de Administraci\u00f3n Tributaria (SAT).<\/p>\n\n\n\n<p>\u201cLe reiter\u00f3 nuestra solicitud de que se finiquite el adeudo pendiente correspondiente al periodo agosto 2014-mayo 2015, que ya est\u00e1 gestionando a trav\u00e9s de la Secretar\u00eda de Finanzas y Planeaci\u00f3n de su gobierno\u201d.<\/p>\n\n\n\n<p>En sesi\u00f3n solemne del Consejo Universitario General, agradeci\u00f3 el compromiso del mandatario estatal en beneficio de la comunidad universitaria.<\/p>\n\n\n\n<p>\u201cMenci\u00f3n especial merece el apoyo que el Gobierno del Estado le ha brindado a la Universidad Veracruzana para reducir los adeudos que \u00e9sta tiene ante el SAT. Expreso as\u00ed mi agradecimiento personal e institucional al gobernador del estado de Veracruz, Cuitl\u00e1huac Garc\u00eda Jim\u00e9nez,\u00a0por su compromiso y su voluntad pol\u00edtica de apoyar a su m\u00e1xima casa de estudios, su alma m\u00e1ter\u201d.<\/p>\n\n\n\n<p>Cabe recordar que, en abril pasado, Sefiplan liquid\u00f3 los adeudos que manten\u00eda la UV por concepto del Impuesto Sobre la Renta (ISR), respecto al ejercicio de junio de 2015 a noviembre de 2016 por un total de mil 685 millones 697 mil 944 pesos.<\/p>\n\n\n\n<p>En otro tema, Ladr\u00f3n de Guevara Gonz\u00e1lez aplaudi\u00f3 que el Congreso de Veracruz haya aprobado la reforma al Art\u00edculo 72 de la Constituci\u00f3n Pol\u00edtica del Estado, para garantizar la progresividad presupuestal de la UV, lograda en un decreto de noviembre de 2017.<\/p>\n\n\n\n<p>Sin embargo, lament\u00f3 la omisi\u00f3n en la consideraci\u00f3n del proyecto de Ley Org\u00e1nica, aprobada por el Consejo Universitario General y presentada hace m\u00e1s de un a\u00f1o en el Congreso del Estado.<\/p>\n\n\n\n<p>\u201cEsta ley que coincide con los principios de la Ley General de Educaci\u00f3n Superior en construcci\u00f3n habr\u00e1 de apuntalar las bases de un desarrollo institucional con mayor legitimidad, una perspectiva de mayor alcance y proyecci\u00f3n a futuro que toda universidad de educaci\u00f3n superior merece\u201d.<\/p>\n\n\n\n<p>Por tal motivo, exhort\u00f3 a la Sexag\u00e9sima Quinta Legislatura del Estado de Veracruz para que sea atendida dicha iniciativa presentada con base en la ley.<\/p>\n\n\n\n<p>Cabe recordar que la Rectora de la Universidad Veracruzana hizo la misma solicitud, el 12 septiembre de 2019, durante su segundo informe de actividades.<\/p>\n\n\n\n<p>La reforma responde a la necesidad de armonizar la normatividad universitaria con las transformaciones jur\u00eddicas producidas en los \u00faltimos a\u00f1os en las instituciones del Estado mexicano, tanto en el \u00e1mbito federal como local.<\/p>\n\n\n\n<p>Adem\u00e1s, busca el fortalecimiento de los derechos humanos, las reformas en materia de educaci\u00f3n superior, la transparencia, la fiscalizaci\u00f3n en la administraci\u00f3n de los recursos econ\u00f3micos y la contabilidad gubernamental.<\/p>\n","protected":false},"excerpt":{"rendered":"<p>Juan Arcos Xalapa, Ver.- En su tercer informe de actividades, la rectora de la Universidad Veracruzana (UV), Sara Ladr\u00f3n de Guevara Gonz\u00e1lez, pidi\u00f3 al gobernador Cuitl\u00e1huac Garc\u00eda Jim\u00e9nez, que sea liquidado el adeudo que se mantiene por concepto de impuestos, desde el a\u00f1o 2014. En su mensaje, trasmitido de manera virtual por la pandemia del [&hellip;]<\/p>\n","protected":false},"author":1,"featured_media":5765,"comment_status":"open","ping_status":"open","sticky":false,"template":"","format":"aside","meta":{"_jetpack_memberships_contains_paid_content":false,"footnotes":""},"categories":[2],"tags":[],"class_list":["post-5764","post","type-post","status-publish","format-aside","has-post-thumbnail","hentry","category-estado","post_format-post-format-aside"],"jetpack_featured_media_url":"https:\/\/encuentroinformativo.com.mx\/wp-content\/uploads\/2020\/09\/BBA3FEC2-526E-4954-9CC5-FC27222117E2.jpeg","jetpack_sharing_enabled":true,"jetpack_likes_enabled":true,"amp_enabled":true,"_links":{"self":[{"href":"https:\/\/encuentroinformativo.com.mx\/index.php?rest_route=\/wp\/v2\/posts\/5764","targetHints":{"allow":["GET"]}}],"collection":[{"href":"https:\/\/encuentroinformativo.com.mx\/index.php?rest_route=\/wp\/v2\/posts"}],"about":[{"href":"https:\/\/encuentroinformativo.com.mx\/index.php?rest_route=\/wp\/v2\/types\/post"}],"author":[{"embeddable":true,"href":"https:\/\/encuentroinformativo.com.mx\/index.php?rest_route=\/wp\/v2\/users\/1"}],"replies":[{"embeddable":true,"href":"https:\/\/encuentroinformativo.com.mx\/index.php?rest_route=%2Fwp%2Fv2%2Fcomments&post=5764"}],"version-history":[{"count":1,"href":"https:\/\/encuentroinformativo.com.mx\/index.php?rest_route=\/wp\/v2\/posts\/5764\/revisions"}],"predecessor-version":[{"id":5766,"href":"https:\/\/encuentroinformativo.com.mx\/index.php?rest_route=\/wp\/v2\/posts\/5764\/revisions\/5766"}],"wp:featuredmedia":[{"embeddable":true,"href":"https:\/\/encuentroinformativo.com.mx\/index.php?rest_route=\/wp\/v2\/media\/5765"}],"wp:attachment":[{"href":"https:\/\/encuentroinformativo.com.mx\/index.php?rest_route=%2Fwp%2Fv2%2Fmedia&parent=5764"}],"wp:term":[{"taxonomy":"category","embeddable":true,"href":"https:\/\/encuentroinformativo.com.mx\/index.php?rest_route=%2Fwp%2Fv2%2Fcategories&post=5764"},{"taxonomy":"post_tag","embeddable":true,"href":"https:\/\/encuentroinformativo.com.mx\/index.php?rest_route=%2Fwp%2Fv2%2Ftags&post=5764"}],"curies":[{"name":"wp","href":"https:\/\/api.w.org\/{rel}","templated":true}]}}