{"id":57648,"date":"2024-08-15T23:54:48","date_gmt":"2024-08-16T05:54:48","guid":{"rendered":"https:\/\/encuentroinformativo.com.mx\/?p=57648"},"modified":"2024-08-15T23:54:54","modified_gmt":"2024-08-16T05:54:54","slug":"captura-ssp-a-cinco-generadores-de-violencia-en-catemaco","status":"publish","type":"post","link":"https:\/\/encuentroinformativo.com.mx\/?p=57648","title":{"rendered":"Captura SSP a cinco generadores de violencia en Catemaco"},"content":{"rendered":"\n<p><strong>* Uno de los detenidos es presuntamente jefe de plaza en la zona.<\/strong><\/p>\n\n\n\n<p>Xalapa, Ver.- A partir de una denuncia a la l\u00ednea de emergencias 911, elementos de la Secretar\u00eda de Seguridad P\u00fablica (SSP), a trav\u00e9s de Polic\u00eda Estatal capturaron a cinco hombres por delitos contra las instituciones, portaci\u00f3n ilegal de armas de fuego y delitos contra la salud.<\/p>\n\n\n\n<p>Los uniformados acudieron a la calle Melchor Ocampo de la colonia Centro en Catemaco, donde al parecer se hab\u00edan registrado detonaciones con arma de fuego.<\/p>\n\n\n\n<p>Tras la implementaci\u00f3n de un C\u00f3digo Rojo, los uniformados acudieron a la Vereda dos Amates, a la altura de la desviaci\u00f3n dos Amates \u2013 Coyame, ah\u00ed detectaron una camioneta marca Chevrolet equinox, color gris en la cual viajaban, cinco sujetos, quienes al notar la presencia de los oficiales dispararon contra los elementos, hasta ser detenidos.<br>Acto seguido, le realizaron a Gerardo Mauricio \u201cN\u201d, Alejandro \u201cN\u201d, Ismael \u201cN\u201d, \u00c1ngel Remigio \u201cN\u201d y Lorenzo \u201cN\u201d una revisi\u00f3n y les aseguraron dos armas de fuego largas, una corta, cargadores, cartuchos \u00fatiles, tabla de castigo, 60 dosis de hierba verde parecida a la marihuana y 30 dosis de una sustancia granulada similar al cristal.<\/p>\n\n\n\n<p>Los detenidos quedaron a disposici\u00f3n de la autoridad correspondiente, para los tr\u00e1mites de ley.<\/p>\n","protected":false},"excerpt":{"rendered":"<p>* Uno de los detenidos es presuntamente jefe de plaza en la zona. Xalapa, Ver.- A partir de una denuncia a la l\u00ednea de emergencias 911, elementos de la Secretar\u00eda de Seguridad P\u00fablica (SSP), a trav\u00e9s de Polic\u00eda Estatal capturaron a cinco hombres por delitos contra las instituciones, portaci\u00f3n ilegal de armas de fuego y [&hellip;]<\/p>\n","protected":false},"author":2476,"featured_media":57649,"comment_status":"open","ping_status":"open","sticky":false,"template":"","format":"standard","meta":{"_jetpack_memberships_contains_paid_content":false,"footnotes":""},"categories":[14],"tags":[],"class_list":["post-57648","post","type-post","status-publish","format-standard","has-post-thumbnail","hentry","category-policiaca"],"jetpack_featured_media_url":"https:\/\/encuentroinformativo.com.mx\/wp-content\/uploads\/2024\/08\/IMG-20240815-WA0112.jpg","jetpack_sharing_enabled":true,"jetpack_likes_enabled":true,"amp_enabled":true,"_links":{"self":[{"href":"https:\/\/encuentroinformativo.com.mx\/index.php?rest_route=\/wp\/v2\/posts\/57648","targetHints":{"allow":["GET"]}}],"collection":[{"href":"https:\/\/encuentroinformativo.com.mx\/index.php?rest_route=\/wp\/v2\/posts"}],"about":[{"href":"https:\/\/encuentroinformativo.com.mx\/index.php?rest_route=\/wp\/v2\/types\/post"}],"author":[{"embeddable":true,"href":"https:\/\/encuentroinformativo.com.mx\/index.php?rest_route=\/wp\/v2\/users\/2476"}],"replies":[{"embeddable":true,"href":"https:\/\/encuentroinformativo.com.mx\/index.php?rest_route=%2Fwp%2Fv2%2Fcomments&post=57648"}],"version-history":[{"count":1,"href":"https:\/\/encuentroinformativo.com.mx\/index.php?rest_route=\/wp\/v2\/posts\/57648\/revisions"}],"predecessor-version":[{"id":57650,"href":"https:\/\/encuentroinformativo.com.mx\/index.php?rest_route=\/wp\/v2\/posts\/57648\/revisions\/57650"}],"wp:featuredmedia":[{"embeddable":true,"href":"https:\/\/encuentroinformativo.com.mx\/index.php?rest_route=\/wp\/v2\/media\/57649"}],"wp:attachment":[{"href":"https:\/\/encuentroinformativo.com.mx\/index.php?rest_route=%2Fwp%2Fv2%2Fmedia&parent=57648"}],"wp:term":[{"taxonomy":"category","embeddable":true,"href":"https:\/\/encuentroinformativo.com.mx\/index.php?rest_route=%2Fwp%2Fv2%2Fcategories&post=57648"},{"taxonomy":"post_tag","embeddable":true,"href":"https:\/\/encuentroinformativo.com.mx\/index.php?rest_route=%2Fwp%2Fv2%2Ftags&post=57648"}],"curies":[{"name":"wp","href":"https:\/\/api.w.org\/{rel}","templated":true}]}}