{"id":57651,"date":"2024-08-16T09:16:01","date_gmt":"2024-08-16T15:16:01","guid":{"rendered":"https:\/\/encuentroinformativo.com.mx\/?p=57651"},"modified":"2024-08-16T09:16:07","modified_gmt":"2024-08-16T15:16:07","slug":"urge-actualizar-ley-de-integracion-de-personas-con-discapacidad-en-veracruz-diputada","status":"publish","type":"post","link":"https:\/\/encuentroinformativo.com.mx\/?p=57651","title":{"rendered":"Urge actualizar Ley de Integraci\u00f3n de Personas con Discapacidad en Veracruz: Diputada"},"content":{"rendered":"\n<p><strong>Alejandro \u00c1vila<\/strong><\/p>\n\n\n\n<p>Veracruz, Ver.- Es urgente, as\u00ed como necesaria la actualizaci\u00f3n a la Ley para la Integraci\u00f3n de las Personas con Discapacidad en Veracruz; motivo por el cual la diputada, Ver\u00f3nica Pulido Herrera, solicit\u00f3 ante el Congreso se ampl\u00ede el art\u00edculo 43, para de esta manera garantizar los derechos de las ni\u00f1as y mujeres con discapacidad.<\/p>\n\n\n\n<p>Dicha ley fue aprobada en Veracruz en el 2010, y esta requiere de una actualizaci\u00f3n desde la perspectiva de g\u00e9nero y la perspectiva de discapacidad, todo esto, con base en la Observaci\u00f3n General N\u00famero 3 sobre las mujeres y las ni\u00f1as con Discapacidad de 2016 del Comit\u00e9 de la Convenci\u00f3n sobre los Derechos de las Personas con Discapacidad, Tratado Internacional del cual M\u00e9xico es parte.<\/p>\n\n\n\n<p>Tan solo en Veracruz, de acuerdo al INEGI, Veracruz tiene una poblaci\u00f3n con discapacidad de 468 mil 900 personas (5.8 por ciento de la poblaci\u00f3n total), de las cuales 47 por ciento son hombres y 53 por ciento mujeres.<\/p>\n\n\n\n<p>&#8220;Para garantizar los derechos humanos de las mujeres se requiere una comprensi\u00f3n amplia de las estructuras sociales y las relaciones de poder que configuran las leyes y las pol\u00edticas respecto de las mujeres con discapacidad y de los estereotipos de g\u00e9nero que pueden limitar sus capacidades de desarrollo\u201d, expres\u00f3 Pulido Herrera.<\/p>\n\n\n\n<p>Finalmente, plante\u00f3 la necesidad de contar con un Sistema Nacional de Cuidados para facilitar a las mujeres cuidadoras de personas con discapacidad, el acceso a servicios de salud dignos y, sobre todo, a un empleo formal adaptado desde casa, para contar con seguridad social.<\/p>\n","protected":false},"excerpt":{"rendered":"<p>Alejandro \u00c1vila Veracruz, Ver.- Es urgente, as\u00ed como necesaria la actualizaci\u00f3n a la Ley para la Integraci\u00f3n de las Personas con Discapacidad en Veracruz; motivo por el cual la diputada, Ver\u00f3nica Pulido Herrera, solicit\u00f3 ante el Congreso se ampl\u00ede el art\u00edculo 43, para de esta manera garantizar los derechos de las ni\u00f1as y mujeres con [&hellip;]<\/p>\n","protected":false},"author":2476,"featured_media":57652,"comment_status":"open","ping_status":"open","sticky":false,"template":"","format":"standard","meta":{"_jetpack_memberships_contains_paid_content":false,"footnotes":""},"categories":[2],"tags":[],"class_list":["post-57651","post","type-post","status-publish","format-standard","has-post-thumbnail","hentry","category-estado"],"jetpack_featured_media_url":"https:\/\/encuentroinformativo.com.mx\/wp-content\/uploads\/2024\/08\/IMG-20240816-WA0006.jpg","jetpack_sharing_enabled":true,"jetpack_likes_enabled":true,"amp_enabled":true,"_links":{"self":[{"href":"https:\/\/encuentroinformativo.com.mx\/index.php?rest_route=\/wp\/v2\/posts\/57651","targetHints":{"allow":["GET"]}}],"collection":[{"href":"https:\/\/encuentroinformativo.com.mx\/index.php?rest_route=\/wp\/v2\/posts"}],"about":[{"href":"https:\/\/encuentroinformativo.com.mx\/index.php?rest_route=\/wp\/v2\/types\/post"}],"author":[{"embeddable":true,"href":"https:\/\/encuentroinformativo.com.mx\/index.php?rest_route=\/wp\/v2\/users\/2476"}],"replies":[{"embeddable":true,"href":"https:\/\/encuentroinformativo.com.mx\/index.php?rest_route=%2Fwp%2Fv2%2Fcomments&post=57651"}],"version-history":[{"count":1,"href":"https:\/\/encuentroinformativo.com.mx\/index.php?rest_route=\/wp\/v2\/posts\/57651\/revisions"}],"predecessor-version":[{"id":57653,"href":"https:\/\/encuentroinformativo.com.mx\/index.php?rest_route=\/wp\/v2\/posts\/57651\/revisions\/57653"}],"wp:featuredmedia":[{"embeddable":true,"href":"https:\/\/encuentroinformativo.com.mx\/index.php?rest_route=\/wp\/v2\/media\/57652"}],"wp:attachment":[{"href":"https:\/\/encuentroinformativo.com.mx\/index.php?rest_route=%2Fwp%2Fv2%2Fmedia&parent=57651"}],"wp:term":[{"taxonomy":"category","embeddable":true,"href":"https:\/\/encuentroinformativo.com.mx\/index.php?rest_route=%2Fwp%2Fv2%2Fcategories&post=57651"},{"taxonomy":"post_tag","embeddable":true,"href":"https:\/\/encuentroinformativo.com.mx\/index.php?rest_route=%2Fwp%2Fv2%2Ftags&post=57651"}],"curies":[{"name":"wp","href":"https:\/\/api.w.org\/{rel}","templated":true}]}}