{"id":57658,"date":"2024-08-16T09:21:53","date_gmt":"2024-08-16T15:21:53","guid":{"rendered":"https:\/\/encuentroinformativo.com.mx\/?p=57658"},"modified":"2024-08-16T09:21:58","modified_gmt":"2024-08-16T15:21:58","slug":"ong-internacional-entrega-reconocimiento-a-diputado","status":"publish","type":"post","link":"https:\/\/encuentroinformativo.com.mx\/?p=57658","title":{"rendered":"ONG internacional entrega reconocimiento a Diputado"},"content":{"rendered":"\n<p><strong>Alejandro \u00c1vila<\/strong><\/p>\n\n\n\n<p>Veracruz, Ver.- La ONG internacional &#8220;Capellan\u00eda Armada Mundial de Paz&#8221;, galardon\u00f3 al diputado, Magdaleno Rosas Torres y otras 30 personalidades de Veracruz por su altruismo y labor social en el Estado.<\/p>\n\n\n\n<p>La principal causa por la que fue tomado en cuenta el legislador, se debi\u00f3 a la lucha en contra de los abusos que cometen concesionarios del agua en Medell\u00edn de Bravo, defendiendo as\u00ed el derecho humano al agua para la ciudadan\u00eda.<\/p>\n\n\n\n<p>Martha Gabriela Villegas Garc\u00eda, presidenta del Cuerpo \u00c9lite \u201cBoinas Azules\u201d, de la referida ONG dedicada a la defensa de los derechos humanos, indic\u00f3 que el Legislador por el Distrito XVII de Medell\u00edn, fue el \u00fanico que se mostr\u00f3 sensible ante la carencia del agua y en contra del maltrato diario que sufren los usuarios por parte de las empresas concesionarias en Medell\u00edn.<\/p>\n\n\n\n<p>Record\u00f3 que el Diputado morenista encabez\u00f3 manifestaciones, caminatas y la presi\u00f3n social hasta lograr que el Ayuntamiento de Medell\u00edn solicitara al Congreso local su desincorporaci\u00f3n del convenio con Grupo MAS.<\/p>\n\n\n\n<p>Al recibir su reconocimiento, el diputado Maleno Rosales Torres agradeci\u00f3 la distinci\u00f3n recibida por parte del capell\u00e1n Pablo Favila L\u00f3pez, presidente y fundador de la \u201cCapellan\u00eda Armada Mundial de Paz M\u00e9xico\u201d, as\u00ed como de Martha Gabriela Villegas Garc\u00eda, presidenta del Cuerpo \u00c9lite \u201cBoinas Azules\u201d, de la misma organizaci\u00f3n, quienes contribuyen a garantizar en nuestra sociedad una aut\u00e9ntica cultura de paz y legalidad.<\/p>\n\n\n\n<p>\u201cEn los tiempos actuales evidenciamos gran inter\u00e9s por hacer valer las leyes y que el actuar institucional siempre se rija bajo el imperio de \u00e9stas, as\u00ed tambi\u00e9n advertimos un compromiso gubernamental en aras de que los derechos y las libertades del pueblo se cumplan y ejerzan a cabalidad\u201d, expres\u00f3.<\/p>\n","protected":false},"excerpt":{"rendered":"<p>Alejandro \u00c1vila Veracruz, Ver.- La ONG internacional &#8220;Capellan\u00eda Armada Mundial de Paz&#8221;, galardon\u00f3 al diputado, Magdaleno Rosas Torres y otras 30 personalidades de Veracruz por su altruismo y labor social en el Estado. La principal causa por la que fue tomado en cuenta el legislador, se debi\u00f3 a la lucha en contra de los abusos [&hellip;]<\/p>\n","protected":false},"author":2476,"featured_media":57659,"comment_status":"open","ping_status":"open","sticky":false,"template":"","format":"standard","meta":{"_jetpack_memberships_contains_paid_content":false,"footnotes":""},"categories":[2],"tags":[],"class_list":["post-57658","post","type-post","status-publish","format-standard","has-post-thumbnail","hentry","category-estado"],"jetpack_featured_media_url":"https:\/\/encuentroinformativo.com.mx\/wp-content\/uploads\/2024\/08\/IMG-20240816-WA0011.jpg","jetpack_sharing_enabled":true,"jetpack_likes_enabled":true,"amp_enabled":true,"_links":{"self":[{"href":"https:\/\/encuentroinformativo.com.mx\/index.php?rest_route=\/wp\/v2\/posts\/57658","targetHints":{"allow":["GET"]}}],"collection":[{"href":"https:\/\/encuentroinformativo.com.mx\/index.php?rest_route=\/wp\/v2\/posts"}],"about":[{"href":"https:\/\/encuentroinformativo.com.mx\/index.php?rest_route=\/wp\/v2\/types\/post"}],"author":[{"embeddable":true,"href":"https:\/\/encuentroinformativo.com.mx\/index.php?rest_route=\/wp\/v2\/users\/2476"}],"replies":[{"embeddable":true,"href":"https:\/\/encuentroinformativo.com.mx\/index.php?rest_route=%2Fwp%2Fv2%2Fcomments&post=57658"}],"version-history":[{"count":1,"href":"https:\/\/encuentroinformativo.com.mx\/index.php?rest_route=\/wp\/v2\/posts\/57658\/revisions"}],"predecessor-version":[{"id":57660,"href":"https:\/\/encuentroinformativo.com.mx\/index.php?rest_route=\/wp\/v2\/posts\/57658\/revisions\/57660"}],"wp:featuredmedia":[{"embeddable":true,"href":"https:\/\/encuentroinformativo.com.mx\/index.php?rest_route=\/wp\/v2\/media\/57659"}],"wp:attachment":[{"href":"https:\/\/encuentroinformativo.com.mx\/index.php?rest_route=%2Fwp%2Fv2%2Fmedia&parent=57658"}],"wp:term":[{"taxonomy":"category","embeddable":true,"href":"https:\/\/encuentroinformativo.com.mx\/index.php?rest_route=%2Fwp%2Fv2%2Fcategories&post=57658"},{"taxonomy":"post_tag","embeddable":true,"href":"https:\/\/encuentroinformativo.com.mx\/index.php?rest_route=%2Fwp%2Fv2%2Ftags&post=57658"}],"curies":[{"name":"wp","href":"https:\/\/api.w.org\/{rel}","templated":true}]}}