{"id":57666,"date":"2024-08-16T12:33:18","date_gmt":"2024-08-16T18:33:18","guid":{"rendered":"https:\/\/encuentroinformativo.com.mx\/?p=57666"},"modified":"2024-08-16T12:33:24","modified_gmt":"2024-08-16T18:33:24","slug":"van-10-crimenes-de-odio-contra-personas-trans-acusan","status":"publish","type":"post","link":"https:\/\/encuentroinformativo.com.mx\/?p=57666","title":{"rendered":"Van 10 cr\u00edmenes de odio contra personas trans, acusan"},"content":{"rendered":"\n<p><strong>Dar\u00edo Pale <\/strong><\/p>\n\n\n\n<p>Xalapa, Ver.- Hasta estas fechan van 10 crimenes de odio en Veracruz, en contra de personas transg\u00e9neros, as\u00ed lo dio a conocer el presidente de la Coalici\u00f3n Estatal LGBTTQI+, Benjam\u00edn Callejas Hern\u00e1ndez.<\/p>\n\n\n\n<p>En entrevista inform\u00f3 que en lo que va del a\u00f1o se han \u00a0registrado 10 cr\u00edmenes de odio contra la comunidad en Veracruz, de los cuales 7 han sido dirigidos hacia personas transg\u00e9nero, &#8220;Van 10 crimenes de odio&#8221;.<\/p>\n\n\n\n<p>Se\u00f1al\u00f3 que el 91 por ciento de los casos est\u00e1n en la impunidad, y solo se inician las carpetas de investigaci\u00f3n por parte de la Fiscal\u00eda General del Estado (FGE) pero no se da el seguimiento requerido.<\/p>\n\n\n\n<p>El activista, explic\u00f3 que debido a esta situaci\u00f3n, la comunidad LGBTIQ+ ha solicitado a la nueva legislatura del Congreso del Estado legislar para salvaguardar sus derechos.<\/p>\n\n\n\n<p>De manera reciente se han reportado asesinatos de personas transg\u00e9nero en varias municipios del territorio veracruzano, entre ellos; Orizaba, Puerto de Veracruz, Medell\u00edn, Coatzacoalcos y Minatitl\u00e1n.\u00a0<\/p>\n\n\n\n<p>Por \u00faltimo y de acuerdo a datos del INEGI, en Veracruz hay 308 mil personas que se han identificado como parte de la comunidad LGBTTQI, en donde el 15 por ciento viven en condici\u00f3n de vulnerabilidad.<\/p>\n","protected":false},"excerpt":{"rendered":"<p>Dar\u00edo Pale Xalapa, Ver.- Hasta estas fechan van 10 crimenes de odio en Veracruz, en contra de personas transg\u00e9neros, as\u00ed lo dio a conocer el presidente de la Coalici\u00f3n Estatal LGBTTQI+, Benjam\u00edn Callejas Hern\u00e1ndez. En entrevista inform\u00f3 que en lo que va del a\u00f1o se han \u00a0registrado 10 cr\u00edmenes de odio contra la comunidad en [&hellip;]<\/p>\n","protected":false},"author":2476,"featured_media":57667,"comment_status":"open","ping_status":"open","sticky":false,"template":"","format":"standard","meta":{"_jetpack_memberships_contains_paid_content":false,"footnotes":""},"categories":[2],"tags":[],"class_list":["post-57666","post","type-post","status-publish","format-standard","has-post-thumbnail","hentry","category-estado"],"jetpack_featured_media_url":"https:\/\/encuentroinformativo.com.mx\/wp-content\/uploads\/2024\/08\/IMG-20240816-WA0013.jpg","jetpack_sharing_enabled":true,"jetpack_likes_enabled":true,"amp_enabled":true,"_links":{"self":[{"href":"https:\/\/encuentroinformativo.com.mx\/index.php?rest_route=\/wp\/v2\/posts\/57666","targetHints":{"allow":["GET"]}}],"collection":[{"href":"https:\/\/encuentroinformativo.com.mx\/index.php?rest_route=\/wp\/v2\/posts"}],"about":[{"href":"https:\/\/encuentroinformativo.com.mx\/index.php?rest_route=\/wp\/v2\/types\/post"}],"author":[{"embeddable":true,"href":"https:\/\/encuentroinformativo.com.mx\/index.php?rest_route=\/wp\/v2\/users\/2476"}],"replies":[{"embeddable":true,"href":"https:\/\/encuentroinformativo.com.mx\/index.php?rest_route=%2Fwp%2Fv2%2Fcomments&post=57666"}],"version-history":[{"count":1,"href":"https:\/\/encuentroinformativo.com.mx\/index.php?rest_route=\/wp\/v2\/posts\/57666\/revisions"}],"predecessor-version":[{"id":57668,"href":"https:\/\/encuentroinformativo.com.mx\/index.php?rest_route=\/wp\/v2\/posts\/57666\/revisions\/57668"}],"wp:featuredmedia":[{"embeddable":true,"href":"https:\/\/encuentroinformativo.com.mx\/index.php?rest_route=\/wp\/v2\/media\/57667"}],"wp:attachment":[{"href":"https:\/\/encuentroinformativo.com.mx\/index.php?rest_route=%2Fwp%2Fv2%2Fmedia&parent=57666"}],"wp:term":[{"taxonomy":"category","embeddable":true,"href":"https:\/\/encuentroinformativo.com.mx\/index.php?rest_route=%2Fwp%2Fv2%2Fcategories&post=57666"},{"taxonomy":"post_tag","embeddable":true,"href":"https:\/\/encuentroinformativo.com.mx\/index.php?rest_route=%2Fwp%2Fv2%2Ftags&post=57666"}],"curies":[{"name":"wp","href":"https:\/\/api.w.org\/{rel}","templated":true}]}}