{"id":5767,"date":"2020-09-11T14:42:48","date_gmt":"2020-09-11T19:42:48","guid":{"rendered":"https:\/\/encuentroinformativo.com.mx\/?p=5767"},"modified":"2020-09-11T14:42:50","modified_gmt":"2020-09-11T19:42:50","slug":"confirman-casos-de-covid-19-en-mercado-de-coatepec","status":"publish","type":"post","link":"https:\/\/encuentroinformativo.com.mx\/?p=5767","title":{"rendered":"Confirman casos de Covid-19 en mercado de Coatepec"},"content":{"rendered":"\n<p><strong>Juan Arcos <\/strong><\/p>\n\n\n\n<p>Coatepec, Ver.- En el mercado Miguel Rebolledo de Coatepec se han registrado casos positivos de SARS-COV-2 (COVID-19).<\/p>\n\n\n\n<p>De acuerdo con Jonathan Rosales, comerciante de frutas y verduras en dicho recinto comercial, en meses pasados muri\u00f3 Andr\u00e9s Segovia, l\u00edder del mercado municipal, a causa de dicha enfermedad.<\/p>\n\n\n\n<p>\u201cFalleci\u00f3 por complicaciones en las v\u00edas respiratorias, lo toman como COVID, yo creo que le dio un tipo de gripa o no s\u00e9 qu\u00e9 sea\u201d.\u00a0<br>El entrevistado indic\u00f3 que la gente no ha dejado de hacer sus compras en el mercado, pese a dicha situaci\u00f3n.<\/p>\n\n\n\n<p>\u201cLa gente, fuera del miedo, ya est\u00e1 chocada de estar en su casa, siguen bajas las ventas, pero la gente sale a buscar la comida\u201d.<\/p>\n\n\n\n<p>El comerciante mencion\u00f3 que sus ventas han disminuido entre 50 y 60 por ciento, en comparaci\u00f3n con a\u00f1os anteriores, debido a la pandemia del coronavirus.<\/p>\n\n\n\n<p>Jonathan Rosales agreg\u00f3 que contin\u00faa activo el servicio a domicilio, modalidad de venta que le ha permitido tener ganancias econ\u00f3micas, aunque sean m\u00ednimas.<\/p>\n\n\n\n<p>\u201cEs lo que nos ha sacado a flote a los comerciantes, pero los comerciantes de ropa han sido los m\u00e1s afectados\u201d, a\u00f1adi\u00f3.<\/p>\n\n\n\n<p>Hasta el momento, la Secretar\u00eda de Salud de Veracruz reporta 213 casos positivos de COVID-19, as\u00ed como tambi\u00e9n, 41 defunciones, 21 en investigaci\u00f3n y ocho activos.<\/p>\n","protected":false},"excerpt":{"rendered":"<p>Juan Arcos Coatepec, Ver.- En el mercado Miguel Rebolledo de Coatepec se han registrado casos positivos de SARS-COV-2 (COVID-19). De acuerdo con Jonathan Rosales, comerciante de frutas y verduras en dicho recinto comercial, en meses pasados muri\u00f3 Andr\u00e9s Segovia, l\u00edder del mercado municipal, a causa de dicha enfermedad. \u201cFalleci\u00f3 por complicaciones en las v\u00edas respiratorias, [&hellip;]<\/p>\n","protected":false},"author":1,"featured_media":5768,"comment_status":"open","ping_status":"open","sticky":false,"template":"","format":"aside","meta":{"_jetpack_memberships_contains_paid_content":false,"footnotes":""},"categories":[8],"tags":[],"class_list":["post-5767","post","type-post","status-publish","format-aside","has-post-thumbnail","hentry","category-region","post_format-post-format-aside"],"jetpack_featured_media_url":"https:\/\/encuentroinformativo.com.mx\/wp-content\/uploads\/2020\/09\/A838B4C3-EEEB-4120-AA90-93FD246D4DA1.jpeg","jetpack_sharing_enabled":true,"jetpack_likes_enabled":true,"amp_enabled":true,"_links":{"self":[{"href":"https:\/\/encuentroinformativo.com.mx\/index.php?rest_route=\/wp\/v2\/posts\/5767","targetHints":{"allow":["GET"]}}],"collection":[{"href":"https:\/\/encuentroinformativo.com.mx\/index.php?rest_route=\/wp\/v2\/posts"}],"about":[{"href":"https:\/\/encuentroinformativo.com.mx\/index.php?rest_route=\/wp\/v2\/types\/post"}],"author":[{"embeddable":true,"href":"https:\/\/encuentroinformativo.com.mx\/index.php?rest_route=\/wp\/v2\/users\/1"}],"replies":[{"embeddable":true,"href":"https:\/\/encuentroinformativo.com.mx\/index.php?rest_route=%2Fwp%2Fv2%2Fcomments&post=5767"}],"version-history":[{"count":1,"href":"https:\/\/encuentroinformativo.com.mx\/index.php?rest_route=\/wp\/v2\/posts\/5767\/revisions"}],"predecessor-version":[{"id":5769,"href":"https:\/\/encuentroinformativo.com.mx\/index.php?rest_route=\/wp\/v2\/posts\/5767\/revisions\/5769"}],"wp:featuredmedia":[{"embeddable":true,"href":"https:\/\/encuentroinformativo.com.mx\/index.php?rest_route=\/wp\/v2\/media\/5768"}],"wp:attachment":[{"href":"https:\/\/encuentroinformativo.com.mx\/index.php?rest_route=%2Fwp%2Fv2%2Fmedia&parent=5767"}],"wp:term":[{"taxonomy":"category","embeddable":true,"href":"https:\/\/encuentroinformativo.com.mx\/index.php?rest_route=%2Fwp%2Fv2%2Fcategories&post=5767"},{"taxonomy":"post_tag","embeddable":true,"href":"https:\/\/encuentroinformativo.com.mx\/index.php?rest_route=%2Fwp%2Fv2%2Ftags&post=5767"}],"curies":[{"name":"wp","href":"https:\/\/api.w.org\/{rel}","templated":true}]}}